{"id":3250,"date":"2023-05-17T06:49:44","date_gmt":"2023-05-17T06:49:44","guid":{"rendered":"https:\/\/www.ipr-real.cz\/?p=3250"},"modified":"2023-05-17T06:49:45","modified_gmt":"2023-05-17T06:49:45","slug":"design-z-milana-jede-v-metalickych-barvach%e2%9a%b1%ef%b8%8f","status":"publish","type":"post","link":"https:\/\/www.ipr-real.cz\/en\/design-z-milana-jede-v-metalickych-barvach%e2%9a%b1%ef%b8%8f\/","title":{"rendered":"Design z\u00a0Mil\u00e1na jede v metalick\u00fdch barv\u00e1ch\u26b1\ufe0f."},"content":{"rendered":"<p>Ned\u00e1vno skon\u010dil v&nbsp;Mil\u00e1n\u011b nejv\u011bt\u0161\u00ed veletrh n\u00e1bytku a bytov\u00e9ho vybaven\u00ed\u269c\ufe0f Salone del Mobile, kter\u00fd p\u0159in\u00e1\u0161\u00ed nov\u00e9 trendy\ud83d\udca5. Nejen o trendech a novink\u00e1ch jsem mluvila s&nbsp;Pavlem \u0160indel\u00e1\u0159em ze spole\u010dnosti Punto Design, partnerem spole\u010dnosti I.P.R. Real Estate, kter\u00fd se veletrhu \u00fa\u010dastnil.<\/p>\n\n\n\n<p>Dle slov Pavla jsou v kurzu metalick\u00e9 barvy jako je zlat\u00e1\u26b1\ufe0f, st\u0159\u00edbrn\u00e1 a d\u00e1le odst\u00edny zelen\u00e9 barvy\ud83d\udfe2 tj. mentolov\u011b zelen\u00e1 nebo pastelov\u00e1.<\/p>\n\n\n\n<p>Co se t\u00fdk\u00e1 pohovek a&nbsp;seda\u010dek\ud83d\udecb, jsou obl\u00e9 tvary a zv\u011bt\u0161uj\u00ed se.&nbsp;Jejich p\u0159\u00edjemn\u011b m\u011bkk\u00e9 sed\u00e1ky a op\u011br\u00e1ky d\u00e1vaj\u00ed najevo trend posledn\u00ed doby a to relax\ud83d\ude0e . Pokud chcete vid\u011bt nov\u00e9 seda\u010dky a k\u0159esla\ud83e\ude91 z&nbsp;Mil\u00e1na, zajd\u011bte do showroomu spole\u010dnosti Punto Design, r\u00e1di v\u00e1m novinky p\u0159edstav\u00ed.<\/p>\n\n\n\n<p>P\u0159ipravujeme kr\u00e1tk\u00e9 video z\u00a0veletrhu v Mil\u00e1n\u011b, na kter\u00e9 se m\u016f\u017eete t\u011b\u0161it \ud83d\ude0a.<\/p>\n\n\n\n<figure class=\"wp-block-image size-large\"><img loading=\"lazy\" decoding=\"async\" width=\"1024\" height=\"768\" src=\"https:\/\/www.ipr-real.cz\/wp-content\/uploads\/2023\/05\/IMG_2126-1024x768.jpg\" alt=\"\" class=\"wp-image-3252\" srcset=\"https:\/\/www.ipr-real.cz\/wp-content\/uploads\/2023\/05\/IMG_2126-1024x768.jpg 1024w, https:\/\/www.ipr-real.cz\/wp-content\/uploads\/2023\/05\/IMG_2126-300x225.jpg 300w, https:\/\/www.ipr-real.cz\/wp-content\/uploads\/2023\/05\/IMG_2126-768x576.jpg 768w\" sizes=\"auto, (max-width:767px) 480px, (max-width:1024px) 100vw, 1024px\" \/><\/figure>","protected":false},"excerpt":{"rendered":"<p>Ned\u00e1vno skon\u010dil v&nbsp;Mil\u00e1n\u011b nejv\u011bt\u0161\u00ed veletrh n\u00e1bytku a bytov\u00e9ho vybaven\u00ed\u269c\ufe0f Salone del Mobile, kter\u00fd p\u0159in\u00e1\u0161\u00ed nov\u00e9 trendy\ud83d\udca5. Nejen o trendech a<span class=\"excerpt-hellip\"> [\u2026]<\/span><\/p>\n","protected":false},"author":2,"featured_media":0,"comment_status":"open","ping_status":"open","sticky":false,"template":"","format":"standard","meta":{"inline_featured_image":false,"footnotes":""},"categories":[11,1],"tags":[],"class_list":["post-3250","post","type-post","status-publish","format-standard","hentry","category-blog","category-uncategorized-cs"],"yoast_head":"<!-- This site is optimized with the Yoast SEO plugin v27.0 - https:\/\/yoast.com\/product\/yoast-seo-wordpress\/ -->\n<title>Design z\u00a0Mil\u00e1na jede v metalick\u00fdch barv\u00e1ch\u26b1\ufe0f. | I.P.R. Real Estate nemovitosti Praha<\/title>\n<meta name=\"robots\" content=\"index, follow, max-snippet:-1, max-image-preview:large, max-video-preview:-1\" \/>\n<link rel=\"canonical\" href=\"https:\/\/www.ipr-real.cz\/en\/design-z-milana-jede-v-metalickych-barvach\u26b1\ufe0f\/\" \/>\n<meta property=\"og:locale\" content=\"en_GB\" \/>\n<meta property=\"og:type\" content=\"article\" \/>\n<meta property=\"og:title\" content=\"Design z\u00a0Mil\u00e1na jede v metalick\u00fdch barv\u00e1ch\u26b1\ufe0f. | I.P.R. Real Estate nemovitosti Praha\" \/>\n<meta property=\"og:description\" content=\"Ned\u00e1vno skon\u010dil v&nbsp;Mil\u00e1n\u011b nejv\u011bt\u0161\u00ed veletrh n\u00e1bytku a bytov\u00e9ho vybaven\u00ed\u269c\ufe0f Salone del Mobile, kter\u00fd p\u0159in\u00e1\u0161\u00ed nov\u00e9 trendy\ud83d\udca5. Nejen o trendech a [\u2026]\" \/>\n<meta property=\"og:url\" content=\"https:\/\/www.ipr-real.cz\/en\/design-z-milana-jede-v-metalickych-barvach\u26b1\ufe0f\/\" \/>\n<meta property=\"article:publisher\" content=\"https:\/\/www.facebook.com\/ipr.real\/\" \/>\n<meta property=\"article:published_time\" content=\"2023-05-17T06:49:44+00:00\" \/>\n<meta property=\"article:modified_time\" content=\"2023-05-17T06:49:45+00:00\" \/>\n<meta property=\"og:image\" content=\"https:\/\/www.ipr-real.cz\/wp-content\/uploads\/2023\/05\/IMG_2126-1024x768.jpg\" \/>\n<meta name=\"author\" content=\"Kate\u0159ina \u010cern\u00e1\" \/>\n<meta name=\"twitter:card\" content=\"summary_large_image\" \/>\n<meta name=\"twitter:label1\" content=\"Written by\" \/>\n\t<meta name=\"twitter:data1\" content=\"Kate\u0159ina \u010cern\u00e1\" \/>\n\t<meta name=\"twitter:label2\" content=\"Estimated reading time\" \/>\n\t<meta name=\"twitter:data2\" content=\"1 minute\" \/>\n<script type=\"application\/ld+json\" class=\"yoast-schema-graph\">{\"@context\":\"https:\/\/schema.org\",\"@graph\":[{\"@type\":\"Article\",\"@id\":\"https:\/\/www.ipr-real.cz\/design-z-milana-jede-v-metalickych-barvach%e2%9a%b1%ef%b8%8f\/#article\",\"isPartOf\":{\"@id\":\"https:\/\/www.ipr-real.cz\/design-z-milana-jede-v-metalickych-barvach%e2%9a%b1%ef%b8%8f\/\"},\"author\":{\"name\":\"Kate\u0159ina \u010cern\u00e1\",\"@id\":\"https:\/\/www.ipr-real.cz\/#\/schema\/person\/9f375ff5319a34de3ce0de04a70c2a00\"},\"headline\":\"Design z\u00a0Mil\u00e1na jede v metalick\u00fdch barv\u00e1ch\u26b1\ufe0f.\",\"datePublished\":\"2023-05-17T06:49:44+00:00\",\"dateModified\":\"2023-05-17T06:49:45+00:00\",\"mainEntityOfPage\":{\"@id\":\"https:\/\/www.ipr-real.cz\/design-z-milana-jede-v-metalickych-barvach%e2%9a%b1%ef%b8%8f\/\"},\"wordCount\":174,\"commentCount\":0,\"publisher\":{\"@id\":\"https:\/\/www.ipr-real.cz\/#organization\"},\"image\":{\"@id\":\"https:\/\/www.ipr-real.cz\/design-z-milana-jede-v-metalickych-barvach%e2%9a%b1%ef%b8%8f\/#primaryimage\"},\"thumbnailUrl\":\"https:\/\/www.ipr-real.cz\/wp-content\/uploads\/2023\/05\/IMG_2126-1024x768.jpg\",\"articleSection\":[\"Blog\",\"Uncategorized @cs\"],\"inLanguage\":\"en-GB\",\"potentialAction\":[{\"@type\":\"CommentAction\",\"name\":\"Comment\",\"target\":[\"https:\/\/www.ipr-real.cz\/design-z-milana-jede-v-metalickych-barvach%e2%9a%b1%ef%b8%8f\/#respond\"]}]},{\"@type\":\"WebPage\",\"@id\":\"https:\/\/www.ipr-real.cz\/design-z-milana-jede-v-metalickych-barvach%e2%9a%b1%ef%b8%8f\/\",\"url\":\"https:\/\/www.ipr-real.cz\/design-z-milana-jede-v-metalickych-barvach%e2%9a%b1%ef%b8%8f\/\",\"name\":\"Design z\u00a0Mil\u00e1na jede v metalick\u00fdch barv\u00e1ch\u26b1\ufe0f. | I.P.R. Real Estate nemovitosti Praha\",\"isPartOf\":{\"@id\":\"https:\/\/www.ipr-real.cz\/#website\"},\"primaryImageOfPage\":{\"@id\":\"https:\/\/www.ipr-real.cz\/design-z-milana-jede-v-metalickych-barvach%e2%9a%b1%ef%b8%8f\/#primaryimage\"},\"image\":{\"@id\":\"https:\/\/www.ipr-real.cz\/design-z-milana-jede-v-metalickych-barvach%e2%9a%b1%ef%b8%8f\/#primaryimage\"},\"thumbnailUrl\":\"https:\/\/www.ipr-real.cz\/wp-content\/uploads\/2023\/05\/IMG_2126-1024x768.jpg\",\"datePublished\":\"2023-05-17T06:49:44+00:00\",\"dateModified\":\"2023-05-17T06:49:45+00:00\",\"breadcrumb\":{\"@id\":\"https:\/\/www.ipr-real.cz\/design-z-milana-jede-v-metalickych-barvach%e2%9a%b1%ef%b8%8f\/#breadcrumb\"},\"inLanguage\":\"en-GB\",\"potentialAction\":[{\"@type\":\"ReadAction\",\"target\":[\"https:\/\/www.ipr-real.cz\/design-z-milana-jede-v-metalickych-barvach%e2%9a%b1%ef%b8%8f\/\"]}]},{\"@type\":\"ImageObject\",\"inLanguage\":\"en-GB\",\"@id\":\"https:\/\/www.ipr-real.cz\/design-z-milana-jede-v-metalickych-barvach%e2%9a%b1%ef%b8%8f\/#primaryimage\",\"url\":\"https:\/\/www.ipr-real.cz\/wp-content\/uploads\/2023\/05\/IMG_2126-1024x768.jpg\",\"contentUrl\":\"https:\/\/www.ipr-real.cz\/wp-content\/uploads\/2023\/05\/IMG_2126-1024x768.jpg\"},{\"@type\":\"BreadcrumbList\",\"@id\":\"https:\/\/www.ipr-real.cz\/design-z-milana-jede-v-metalickych-barvach%e2%9a%b1%ef%b8%8f\/#breadcrumb\",\"itemListElement\":[{\"@type\":\"ListItem\",\"position\":1,\"name\":\"Dom\u016f\",\"item\":\"https:\/\/www.ipr-real.cz\/\"},{\"@type\":\"ListItem\",\"position\":2,\"name\":\"Design z\u00a0Mil\u00e1na jede v metalick\u00fdch barv\u00e1ch\u26b1\ufe0f.\"}]},{\"@type\":\"WebSite\",\"@id\":\"https:\/\/www.ipr-real.cz\/#website\",\"url\":\"https:\/\/www.ipr-real.cz\/\",\"name\":\"Realitn\u00ed kancel\u00e1\u0159 I.P.R. Real Estate v Praze\",\"description\":\"\",\"publisher\":{\"@id\":\"https:\/\/www.ipr-real.cz\/#organization\"},\"alternateName\":\"I.P.R. Real Estate\",\"potentialAction\":[{\"@type\":\"SearchAction\",\"target\":{\"@type\":\"EntryPoint\",\"urlTemplate\":\"https:\/\/www.ipr-real.cz\/?s={search_term_string}\"},\"query-input\":{\"@type\":\"PropertyValueSpecification\",\"valueRequired\":true,\"valueName\":\"search_term_string\"}}],\"inLanguage\":\"en-GB\"},{\"@type\":\"Organization\",\"@id\":\"https:\/\/www.ipr-real.cz\/#organization\",\"name\":\"I.P.R. Real Estate s.r.o.\",\"url\":\"https:\/\/www.ipr-real.cz\/\",\"logo\":{\"@type\":\"ImageObject\",\"inLanguage\":\"en-GB\",\"@id\":\"https:\/\/www.ipr-real.cz\/#\/schema\/logo\/image\/\",\"url\":\"https:\/\/www.ipr-real.cz\/wp-content\/uploads\/2020\/06\/logo-ipr-real-scaled.png\",\"contentUrl\":\"https:\/\/www.ipr-real.cz\/wp-content\/uploads\/2020\/06\/logo-ipr-real-scaled.png\",\"width\":2560,\"height\":699,\"caption\":\"I.P.R. Real Estate s.r.o.\"},\"image\":{\"@id\":\"https:\/\/www.ipr-real.cz\/#\/schema\/logo\/image\/\"},\"sameAs\":[\"https:\/\/www.facebook.com\/ipr.real\/\",\"https:\/\/www.instagram.com\/ipr.real.estate\/\",\"https:\/\/www.linkedin.com\/company\/ipr-real\",\"https:\/\/www.youtube.com\/channel\/UCuNvxpimxCSN7CSj0-qAP7Q\"]},{\"@type\":\"Person\",\"@id\":\"https:\/\/www.ipr-real.cz\/#\/schema\/person\/9f375ff5319a34de3ce0de04a70c2a00\",\"name\":\"Kate\u0159ina \u010cern\u00e1\",\"image\":{\"@type\":\"ImageObject\",\"inLanguage\":\"en-GB\",\"@id\":\"https:\/\/www.ipr-real.cz\/#\/schema\/person\/image\/\",\"url\":\"https:\/\/secure.gravatar.com\/avatar\/3d563bbe10ee96b9e2a4f16993fb012d0a329007fad79f518c09bf74349e9d96?s=96&d=mm&r=g\",\"contentUrl\":\"https:\/\/secure.gravatar.com\/avatar\/3d563bbe10ee96b9e2a4f16993fb012d0a329007fad79f518c09bf74349e9d96?s=96&d=mm&r=g\",\"caption\":\"Kate\u0159ina \u010cern\u00e1\"},\"url\":\"https:\/\/www.ipr-real.cz\/en\/author\/cerna\/\"}]}<\/script>\n<!-- \/ Yoast SEO plugin. -->","yoast_head_json":{"title":"Design z\u00a0Mil\u00e1na jede v metalick\u00fdch barv\u00e1ch\u26b1\ufe0f. | I.P.R. Real Estate nemovitosti Praha","robots":{"index":"index","follow":"follow","max-snippet":"max-snippet:-1","max-image-preview":"max-image-preview:large","max-video-preview":"max-video-preview:-1"},"canonical":"https:\/\/www.ipr-real.cz\/en\/design-z-milana-jede-v-metalickych-barvach\u26b1\ufe0f\/","og_locale":"en_GB","og_type":"article","og_title":"Design z\u00a0Mil\u00e1na jede v metalick\u00fdch barv\u00e1ch\u26b1\ufe0f. | I.P.R. Real Estate nemovitosti Praha","og_description":"Ned\u00e1vno skon\u010dil v&nbsp;Mil\u00e1n\u011b nejv\u011bt\u0161\u00ed veletrh n\u00e1bytku a bytov\u00e9ho vybaven\u00ed\u269c\ufe0f Salone del Mobile, kter\u00fd p\u0159in\u00e1\u0161\u00ed nov\u00e9 trendy\ud83d\udca5. Nejen o trendech a [\u2026]","og_url":"https:\/\/www.ipr-real.cz\/en\/design-z-milana-jede-v-metalickych-barvach\u26b1\ufe0f\/","article_publisher":"https:\/\/www.facebook.com\/ipr.real\/","article_published_time":"2023-05-17T06:49:44+00:00","article_modified_time":"2023-05-17T06:49:45+00:00","og_image":[{"url":"https:\/\/www.ipr-real.cz\/wp-content\/uploads\/2023\/05\/IMG_2126-1024x768.jpg","type":"","width":"","height":""}],"author":"Kate\u0159ina \u010cern\u00e1","twitter_card":"summary_large_image","twitter_misc":{"Written by":"Kate\u0159ina \u010cern\u00e1","Estimated reading time":"1 minute"},"schema":{"@context":"https:\/\/schema.org","@graph":[{"@type":"Article","@id":"https:\/\/www.ipr-real.cz\/design-z-milana-jede-v-metalickych-barvach%e2%9a%b1%ef%b8%8f\/#article","isPartOf":{"@id":"https:\/\/www.ipr-real.cz\/design-z-milana-jede-v-metalickych-barvach%e2%9a%b1%ef%b8%8f\/"},"author":{"name":"Kate\u0159ina \u010cern\u00e1","@id":"https:\/\/www.ipr-real.cz\/#\/schema\/person\/9f375ff5319a34de3ce0de04a70c2a00"},"headline":"Design z\u00a0Mil\u00e1na jede v metalick\u00fdch barv\u00e1ch\u26b1\ufe0f.","datePublished":"2023-05-17T06:49:44+00:00","dateModified":"2023-05-17T06:49:45+00:00","mainEntityOfPage":{"@id":"https:\/\/www.ipr-real.cz\/design-z-milana-jede-v-metalickych-barvach%e2%9a%b1%ef%b8%8f\/"},"wordCount":174,"commentCount":0,"publisher":{"@id":"https:\/\/www.ipr-real.cz\/#organization"},"image":{"@id":"https:\/\/www.ipr-real.cz\/design-z-milana-jede-v-metalickych-barvach%e2%9a%b1%ef%b8%8f\/#primaryimage"},"thumbnailUrl":"https:\/\/www.ipr-real.cz\/wp-content\/uploads\/2023\/05\/IMG_2126-1024x768.jpg","articleSection":["Blog","Uncategorized @cs"],"inLanguage":"en-GB","potentialAction":[{"@type":"CommentAction","name":"Comment","target":["https:\/\/www.ipr-real.cz\/design-z-milana-jede-v-metalickych-barvach%e2%9a%b1%ef%b8%8f\/#respond"]}]},{"@type":"WebPage","@id":"https:\/\/www.ipr-real.cz\/design-z-milana-jede-v-metalickych-barvach%e2%9a%b1%ef%b8%8f\/","url":"https:\/\/www.ipr-real.cz\/design-z-milana-jede-v-metalickych-barvach%e2%9a%b1%ef%b8%8f\/","name":"Design z\u00a0Mil\u00e1na jede v metalick\u00fdch barv\u00e1ch\u26b1\ufe0f. | I.P.R. Real Estate nemovitosti Praha","isPartOf":{"@id":"https:\/\/www.ipr-real.cz\/#website"},"primaryImageOfPage":{"@id":"https:\/\/www.ipr-real.cz\/design-z-milana-jede-v-metalickych-barvach%e2%9a%b1%ef%b8%8f\/#primaryimage"},"image":{"@id":"https:\/\/www.ipr-real.cz\/design-z-milana-jede-v-metalickych-barvach%e2%9a%b1%ef%b8%8f\/#primaryimage"},"thumbnailUrl":"https:\/\/www.ipr-real.cz\/wp-content\/uploads\/2023\/05\/IMG_2126-1024x768.jpg","datePublished":"2023-05-17T06:49:44+00:00","dateModified":"2023-05-17T06:49:45+00:00","breadcrumb":{"@id":"https:\/\/www.ipr-real.cz\/design-z-milana-jede-v-metalickych-barvach%e2%9a%b1%ef%b8%8f\/#breadcrumb"},"inLanguage":"en-GB","potentialAction":[{"@type":"ReadAction","target":["https:\/\/www.ipr-real.cz\/design-z-milana-jede-v-metalickych-barvach%e2%9a%b1%ef%b8%8f\/"]}]},{"@type":"ImageObject","inLanguage":"en-GB","@id":"https:\/\/www.ipr-real.cz\/design-z-milana-jede-v-metalickych-barvach%e2%9a%b1%ef%b8%8f\/#primaryimage","url":"https:\/\/www.ipr-real.cz\/wp-content\/uploads\/2023\/05\/IMG_2126-1024x768.jpg","contentUrl":"https:\/\/www.ipr-real.cz\/wp-content\/uploads\/2023\/05\/IMG_2126-1024x768.jpg"},{"@type":"BreadcrumbList","@id":"https:\/\/www.ipr-real.cz\/design-z-milana-jede-v-metalickych-barvach%e2%9a%b1%ef%b8%8f\/#breadcrumb","itemListElement":[{"@type":"ListItem","position":1,"name":"Dom\u016f","item":"https:\/\/www.ipr-real.cz\/"},{"@type":"ListItem","position":2,"name":"Design z\u00a0Mil\u00e1na jede v metalick\u00fdch barv\u00e1ch\u26b1\ufe0f."}]},{"@type":"WebSite","@id":"https:\/\/www.ipr-real.cz\/#website","url":"https:\/\/www.ipr-real.cz\/","name":"Realitn\u00ed kancel\u00e1\u0159 I.P.R. Real Estate v Praze","description":"","publisher":{"@id":"https:\/\/www.ipr-real.cz\/#organization"},"alternateName":"I.P.R. Real Estate","potentialAction":[{"@type":"SearchAction","target":{"@type":"EntryPoint","urlTemplate":"https:\/\/www.ipr-real.cz\/?s={search_term_string}"},"query-input":{"@type":"PropertyValueSpecification","valueRequired":true,"valueName":"search_term_string"}}],"inLanguage":"en-GB"},{"@type":"Organization","@id":"https:\/\/www.ipr-real.cz\/#organization","name":"I.P.R. Real Estate s.r.o.","url":"https:\/\/www.ipr-real.cz\/","logo":{"@type":"ImageObject","inLanguage":"en-GB","@id":"https:\/\/www.ipr-real.cz\/#\/schema\/logo\/image\/","url":"https:\/\/www.ipr-real.cz\/wp-content\/uploads\/2020\/06\/logo-ipr-real-scaled.png","contentUrl":"https:\/\/www.ipr-real.cz\/wp-content\/uploads\/2020\/06\/logo-ipr-real-scaled.png","width":2560,"height":699,"caption":"I.P.R. Real Estate s.r.o."},"image":{"@id":"https:\/\/www.ipr-real.cz\/#\/schema\/logo\/image\/"},"sameAs":["https:\/\/www.facebook.com\/ipr.real\/","https:\/\/www.instagram.com\/ipr.real.estate\/","https:\/\/www.linkedin.com\/company\/ipr-real","https:\/\/www.youtube.com\/channel\/UCuNvxpimxCSN7CSj0-qAP7Q"]},{"@type":"Person","@id":"https:\/\/www.ipr-real.cz\/#\/schema\/person\/9f375ff5319a34de3ce0de04a70c2a00","name":"Kate\u0159ina \u010cern\u00e1","image":{"@type":"ImageObject","inLanguage":"en-GB","@id":"https:\/\/www.ipr-real.cz\/#\/schema\/person\/image\/","url":"https:\/\/secure.gravatar.com\/avatar\/3d563bbe10ee96b9e2a4f16993fb012d0a329007fad79f518c09bf74349e9d96?s=96&d=mm&r=g","contentUrl":"https:\/\/secure.gravatar.com\/avatar\/3d563bbe10ee96b9e2a4f16993fb012d0a329007fad79f518c09bf74349e9d96?s=96&d=mm&r=g","caption":"Kate\u0159ina \u010cern\u00e1"},"url":"https:\/\/www.ipr-real.cz\/en\/author\/cerna\/"}]}},"_links":{"self":[{"href":"https:\/\/www.ipr-real.cz\/en\/wp-json\/wp\/v2\/posts\/3250","targetHints":{"allow":["GET"]}}],"collection":[{"href":"https:\/\/www.ipr-real.cz\/en\/wp-json\/wp\/v2\/posts"}],"about":[{"href":"https:\/\/www.ipr-real.cz\/en\/wp-json\/wp\/v2\/types\/post"}],"author":[{"embeddable":true,"href":"https:\/\/www.ipr-real.cz\/en\/wp-json\/wp\/v2\/users\/2"}],"replies":[{"embeddable":true,"href":"https:\/\/www.ipr-real.cz\/en\/wp-json\/wp\/v2\/comments?post=3250"}],"version-history":[{"count":2,"href":"https:\/\/www.ipr-real.cz\/en\/wp-json\/wp\/v2\/posts\/3250\/revisions"}],"predecessor-version":[{"id":3254,"href":"https:\/\/www.ipr-real.cz\/en\/wp-json\/wp\/v2\/posts\/3250\/revisions\/3254"}],"wp:attachment":[{"href":"https:\/\/www.ipr-real.cz\/en\/wp-json\/wp\/v2\/media?parent=3250"}],"wp:term":[{"taxonomy":"category","embeddable":true,"href":"https:\/\/www.ipr-real.cz\/en\/wp-json\/wp\/v2\/categories?post=3250"},{"taxonomy":"post_tag","embeddable":true,"href":"https:\/\/www.ipr-real.cz\/en\/wp-json\/wp\/v2\/tags?post=3250"}],"curies":[{"name":"wp","href":"https:\/\/api.w.org\/{rel}","templated":true}]}}