{"id":2938,"date":"2023-01-04T14:03:57","date_gmt":"2023-01-04T14:03:57","guid":{"rendered":"https:\/\/www.ipr-real.cz\/?p=2938"},"modified":"2023-05-16T18:04:40","modified_gmt":"2023-05-16T18:04:40","slug":"profesionalni-fotografie","status":"publish","type":"post","link":"https:\/\/www.ipr-real.cz\/en\/profesionalni-fotografie\/","title":{"rendered":"PROFESION\u00c1LN\u00cd FOTOGRAFIE"},"content":{"rendered":"<p>Nemovitosti nafot\u00edme profesion\u00e1ln\u00edm fotografem. Perfektn\u00ed prezentace nemovitosti a prodej.<\/p>\n\n\n\n<figure class=\"wp-block-image size-large\"><img loading=\"lazy\" decoding=\"async\" width=\"1024\" height=\"682\" src=\"https:\/\/www.ipr-real.cz\/wp-content\/uploads\/2023\/01\/IMG_1474-1024x682.jpg\" alt=\"\" class=\"wp-image-2939\" srcset=\"https:\/\/www.ipr-real.cz\/wp-content\/uploads\/2023\/01\/IMG_1474-1024x682.jpg 1024w, https:\/\/www.ipr-real.cz\/wp-content\/uploads\/2023\/01\/IMG_1474-300x200.jpg 300w, https:\/\/www.ipr-real.cz\/wp-content\/uploads\/2023\/01\/IMG_1474-768x512.jpg 768w\" sizes=\"auto, (max-width:767px) 480px, (max-width:1024px) 100vw, 1024px\" \/><\/figure>","protected":false},"excerpt":{"rendered":"<p>Nemovitosti nafot\u00edme profesion\u00e1ln\u00edm fotografem. Perfektn\u00ed prezentace nemovitosti a prodej.<\/p>","protected":false},"author":5,"featured_media":0,"comment_status":"open","ping_status":"open","sticky":false,"template":"","format":"standard","meta":{"inline_featured_image":false,"footnotes":""},"categories":[11],"tags":[],"class_list":["post-2938","post","type-post","status-publish","format-standard","hentry","category-blog"],"yoast_head":"<!-- This site is optimized with the Yoast SEO plugin v27.0 - https:\/\/yoast.com\/product\/yoast-seo-wordpress\/ -->\n<title>PROFESION\u00c1LN\u00cd FOTOGRAFIE | I.P.R. Real Estate nemovitosti Praha<\/title>\n<meta name=\"robots\" content=\"index, follow, max-snippet:-1, max-image-preview:large, max-video-preview:-1\" \/>\n<link rel=\"canonical\" href=\"https:\/\/www.ipr-real.cz\/en\/profesionalni-fotografie\/\" \/>\n<meta property=\"og:locale\" content=\"en_GB\" \/>\n<meta property=\"og:type\" content=\"article\" \/>\n<meta property=\"og:title\" content=\"PROFESION\u00c1LN\u00cd FOTOGRAFIE | I.P.R. Real Estate nemovitosti Praha\" \/>\n<meta property=\"og:description\" content=\"Nemovitosti nafot\u00edme profesion\u00e1ln\u00edm fotografem. Perfektn\u00ed prezentace nemovitosti a prodej.\" \/>\n<meta property=\"og:url\" content=\"https:\/\/www.ipr-real.cz\/en\/profesionalni-fotografie\/\" \/>\n<meta property=\"article:publisher\" content=\"https:\/\/www.facebook.com\/ipr.real\/\" \/>\n<meta property=\"article:published_time\" content=\"2023-01-04T14:03:57+00:00\" \/>\n<meta property=\"article:modified_time\" content=\"2023-05-16T18:04:40+00:00\" \/>\n<meta property=\"og:image\" content=\"https:\/\/www.ipr-real.cz\/wp-content\/uploads\/2023\/01\/IMG_1474-1024x682.jpg\" \/>\n<meta name=\"author\" content=\"Vladim\u00edr Hajn\u00edk\" \/>\n<meta name=\"twitter:card\" content=\"summary_large_image\" \/>\n<meta name=\"twitter:label1\" content=\"Written by\" \/>\n\t<meta name=\"twitter:data1\" content=\"Vladim\u00edr Hajn\u00edk\" \/>\n\t<meta name=\"twitter:label2\" content=\"Estimated reading time\" \/>\n\t<meta name=\"twitter:data2\" content=\"1 minute\" \/>\n<script type=\"application\/ld+json\" class=\"yoast-schema-graph\">{\"@context\":\"https:\/\/schema.org\",\"@graph\":[{\"@type\":\"Article\",\"@id\":\"https:\/\/www.ipr-real.cz\/profesionalni-fotografie\/#article\",\"isPartOf\":{\"@id\":\"https:\/\/www.ipr-real.cz\/profesionalni-fotografie\/\"},\"author\":{\"name\":\"Vladim\u00edr Hajn\u00edk\",\"@id\":\"https:\/\/www.ipr-real.cz\/#\/schema\/person\/4d8001f6afd1f8ee422a1bf60e865a1a\"},\"headline\":\"PROFESION\u00c1LN\u00cd FOTOGRAFIE\",\"datePublished\":\"2023-01-04T14:03:57+00:00\",\"dateModified\":\"2023-05-16T18:04:40+00:00\",\"mainEntityOfPage\":{\"@id\":\"https:\/\/www.ipr-real.cz\/profesionalni-fotografie\/\"},\"wordCount\":15,\"commentCount\":0,\"publisher\":{\"@id\":\"https:\/\/www.ipr-real.cz\/#organization\"},\"image\":{\"@id\":\"https:\/\/www.ipr-real.cz\/profesionalni-fotografie\/#primaryimage\"},\"thumbnailUrl\":\"https:\/\/www.ipr-real.cz\/wp-content\/uploads\/2023\/01\/IMG_1474-1024x682.jpg\",\"articleSection\":[\"Blog\"],\"inLanguage\":\"en-GB\",\"potentialAction\":[{\"@type\":\"CommentAction\",\"name\":\"Comment\",\"target\":[\"https:\/\/www.ipr-real.cz\/profesionalni-fotografie\/#respond\"]}]},{\"@type\":\"WebPage\",\"@id\":\"https:\/\/www.ipr-real.cz\/profesionalni-fotografie\/\",\"url\":\"https:\/\/www.ipr-real.cz\/profesionalni-fotografie\/\",\"name\":\"PROFESION\u00c1LN\u00cd FOTOGRAFIE | I.P.R. Real Estate nemovitosti Praha\",\"isPartOf\":{\"@id\":\"https:\/\/www.ipr-real.cz\/#website\"},\"primaryImageOfPage\":{\"@id\":\"https:\/\/www.ipr-real.cz\/profesionalni-fotografie\/#primaryimage\"},\"image\":{\"@id\":\"https:\/\/www.ipr-real.cz\/profesionalni-fotografie\/#primaryimage\"},\"thumbnailUrl\":\"https:\/\/www.ipr-real.cz\/wp-content\/uploads\/2023\/01\/IMG_1474-1024x682.jpg\",\"datePublished\":\"2023-01-04T14:03:57+00:00\",\"dateModified\":\"2023-05-16T18:04:40+00:00\",\"breadcrumb\":{\"@id\":\"https:\/\/www.ipr-real.cz\/profesionalni-fotografie\/#breadcrumb\"},\"inLanguage\":\"en-GB\",\"potentialAction\":[{\"@type\":\"ReadAction\",\"target\":[\"https:\/\/www.ipr-real.cz\/profesionalni-fotografie\/\"]}]},{\"@type\":\"ImageObject\",\"inLanguage\":\"en-GB\",\"@id\":\"https:\/\/www.ipr-real.cz\/profesionalni-fotografie\/#primaryimage\",\"url\":\"https:\/\/www.ipr-real.cz\/wp-content\/uploads\/2023\/01\/IMG_1474-1024x682.jpg\",\"contentUrl\":\"https:\/\/www.ipr-real.cz\/wp-content\/uploads\/2023\/01\/IMG_1474-1024x682.jpg\"},{\"@type\":\"BreadcrumbList\",\"@id\":\"https:\/\/www.ipr-real.cz\/profesionalni-fotografie\/#breadcrumb\",\"itemListElement\":[{\"@type\":\"ListItem\",\"position\":1,\"name\":\"Dom\u016f\",\"item\":\"https:\/\/www.ipr-real.cz\/\"},{\"@type\":\"ListItem\",\"position\":2,\"name\":\"PROFESION\u00c1LN\u00cd FOTOGRAFIE\"}]},{\"@type\":\"WebSite\",\"@id\":\"https:\/\/www.ipr-real.cz\/#website\",\"url\":\"https:\/\/www.ipr-real.cz\/\",\"name\":\"Realitn\u00ed kancel\u00e1\u0159 I.P.R. Real Estate v Praze\",\"description\":\"\",\"publisher\":{\"@id\":\"https:\/\/www.ipr-real.cz\/#organization\"},\"alternateName\":\"I.P.R. Real Estate\",\"potentialAction\":[{\"@type\":\"SearchAction\",\"target\":{\"@type\":\"EntryPoint\",\"urlTemplate\":\"https:\/\/www.ipr-real.cz\/?s={search_term_string}\"},\"query-input\":{\"@type\":\"PropertyValueSpecification\",\"valueRequired\":true,\"valueName\":\"search_term_string\"}}],\"inLanguage\":\"en-GB\"},{\"@type\":\"Organization\",\"@id\":\"https:\/\/www.ipr-real.cz\/#organization\",\"name\":\"I.P.R. Real Estate s.r.o.\",\"url\":\"https:\/\/www.ipr-real.cz\/\",\"logo\":{\"@type\":\"ImageObject\",\"inLanguage\":\"en-GB\",\"@id\":\"https:\/\/www.ipr-real.cz\/#\/schema\/logo\/image\/\",\"url\":\"https:\/\/www.ipr-real.cz\/wp-content\/uploads\/2020\/06\/logo-ipr-real-scaled.png\",\"contentUrl\":\"https:\/\/www.ipr-real.cz\/wp-content\/uploads\/2020\/06\/logo-ipr-real-scaled.png\",\"width\":2560,\"height\":699,\"caption\":\"I.P.R. Real Estate s.r.o.\"},\"image\":{\"@id\":\"https:\/\/www.ipr-real.cz\/#\/schema\/logo\/image\/\"},\"sameAs\":[\"https:\/\/www.facebook.com\/ipr.real\/\",\"https:\/\/www.instagram.com\/ipr.real.estate\/\",\"https:\/\/www.linkedin.com\/company\/ipr-real\",\"https:\/\/www.youtube.com\/channel\/UCuNvxpimxCSN7CSj0-qAP7Q\"]},{\"@type\":\"Person\",\"@id\":\"https:\/\/www.ipr-real.cz\/#\/schema\/person\/4d8001f6afd1f8ee422a1bf60e865a1a\",\"name\":\"Vladim\u00edr Hajn\u00edk\",\"image\":{\"@type\":\"ImageObject\",\"inLanguage\":\"en-GB\",\"@id\":\"https:\/\/www.ipr-real.cz\/#\/schema\/person\/image\/\",\"url\":\"https:\/\/secure.gravatar.com\/avatar\/6e987033dd9476148cdfc9a518fc1178054764ec564b9c72346ad1e33062e3c1?s=96&d=mm&r=g\",\"contentUrl\":\"https:\/\/secure.gravatar.com\/avatar\/6e987033dd9476148cdfc9a518fc1178054764ec564b9c72346ad1e33062e3c1?s=96&d=mm&r=g\",\"caption\":\"Vladim\u00edr Hajn\u00edk\"},\"url\":\"https:\/\/www.ipr-real.cz\/en\/author\/hajnik\/\"}]}<\/script>\n<!-- \/ Yoast SEO plugin. -->","yoast_head_json":{"title":"PROFESION\u00c1LN\u00cd FOTOGRAFIE | I.P.R. Real Estate nemovitosti Praha","robots":{"index":"index","follow":"follow","max-snippet":"max-snippet:-1","max-image-preview":"max-image-preview:large","max-video-preview":"max-video-preview:-1"},"canonical":"https:\/\/www.ipr-real.cz\/en\/profesionalni-fotografie\/","og_locale":"en_GB","og_type":"article","og_title":"PROFESION\u00c1LN\u00cd FOTOGRAFIE | I.P.R. Real Estate nemovitosti Praha","og_description":"Nemovitosti nafot\u00edme profesion\u00e1ln\u00edm fotografem. Perfektn\u00ed prezentace nemovitosti a prodej.","og_url":"https:\/\/www.ipr-real.cz\/en\/profesionalni-fotografie\/","article_publisher":"https:\/\/www.facebook.com\/ipr.real\/","article_published_time":"2023-01-04T14:03:57+00:00","article_modified_time":"2023-05-16T18:04:40+00:00","og_image":[{"url":"https:\/\/www.ipr-real.cz\/wp-content\/uploads\/2023\/01\/IMG_1474-1024x682.jpg","type":"","width":"","height":""}],"author":"Vladim\u00edr Hajn\u00edk","twitter_card":"summary_large_image","twitter_misc":{"Written by":"Vladim\u00edr Hajn\u00edk","Estimated reading time":"1 minute"},"schema":{"@context":"https:\/\/schema.org","@graph":[{"@type":"Article","@id":"https:\/\/www.ipr-real.cz\/profesionalni-fotografie\/#article","isPartOf":{"@id":"https:\/\/www.ipr-real.cz\/profesionalni-fotografie\/"},"author":{"name":"Vladim\u00edr Hajn\u00edk","@id":"https:\/\/www.ipr-real.cz\/#\/schema\/person\/4d8001f6afd1f8ee422a1bf60e865a1a"},"headline":"PROFESION\u00c1LN\u00cd FOTOGRAFIE","datePublished":"2023-01-04T14:03:57+00:00","dateModified":"2023-05-16T18:04:40+00:00","mainEntityOfPage":{"@id":"https:\/\/www.ipr-real.cz\/profesionalni-fotografie\/"},"wordCount":15,"commentCount":0,"publisher":{"@id":"https:\/\/www.ipr-real.cz\/#organization"},"image":{"@id":"https:\/\/www.ipr-real.cz\/profesionalni-fotografie\/#primaryimage"},"thumbnailUrl":"https:\/\/www.ipr-real.cz\/wp-content\/uploads\/2023\/01\/IMG_1474-1024x682.jpg","articleSection":["Blog"],"inLanguage":"en-GB","potentialAction":[{"@type":"CommentAction","name":"Comment","target":["https:\/\/www.ipr-real.cz\/profesionalni-fotografie\/#respond"]}]},{"@type":"WebPage","@id":"https:\/\/www.ipr-real.cz\/profesionalni-fotografie\/","url":"https:\/\/www.ipr-real.cz\/profesionalni-fotografie\/","name":"PROFESION\u00c1LN\u00cd FOTOGRAFIE | I.P.R. Real Estate nemovitosti Praha","isPartOf":{"@id":"https:\/\/www.ipr-real.cz\/#website"},"primaryImageOfPage":{"@id":"https:\/\/www.ipr-real.cz\/profesionalni-fotografie\/#primaryimage"},"image":{"@id":"https:\/\/www.ipr-real.cz\/profesionalni-fotografie\/#primaryimage"},"thumbnailUrl":"https:\/\/www.ipr-real.cz\/wp-content\/uploads\/2023\/01\/IMG_1474-1024x682.jpg","datePublished":"2023-01-04T14:03:57+00:00","dateModified":"2023-05-16T18:04:40+00:00","breadcrumb":{"@id":"https:\/\/www.ipr-real.cz\/profesionalni-fotografie\/#breadcrumb"},"inLanguage":"en-GB","potentialAction":[{"@type":"ReadAction","target":["https:\/\/www.ipr-real.cz\/profesionalni-fotografie\/"]}]},{"@type":"ImageObject","inLanguage":"en-GB","@id":"https:\/\/www.ipr-real.cz\/profesionalni-fotografie\/#primaryimage","url":"https:\/\/www.ipr-real.cz\/wp-content\/uploads\/2023\/01\/IMG_1474-1024x682.jpg","contentUrl":"https:\/\/www.ipr-real.cz\/wp-content\/uploads\/2023\/01\/IMG_1474-1024x682.jpg"},{"@type":"BreadcrumbList","@id":"https:\/\/www.ipr-real.cz\/profesionalni-fotografie\/#breadcrumb","itemListElement":[{"@type":"ListItem","position":1,"name":"Dom\u016f","item":"https:\/\/www.ipr-real.cz\/"},{"@type":"ListItem","position":2,"name":"PROFESION\u00c1LN\u00cd FOTOGRAFIE"}]},{"@type":"WebSite","@id":"https:\/\/www.ipr-real.cz\/#website","url":"https:\/\/www.ipr-real.cz\/","name":"Realitn\u00ed kancel\u00e1\u0159 I.P.R. Real Estate v Praze","description":"","publisher":{"@id":"https:\/\/www.ipr-real.cz\/#organization"},"alternateName":"I.P.R. Real Estate","potentialAction":[{"@type":"SearchAction","target":{"@type":"EntryPoint","urlTemplate":"https:\/\/www.ipr-real.cz\/?s={search_term_string}"},"query-input":{"@type":"PropertyValueSpecification","valueRequired":true,"valueName":"search_term_string"}}],"inLanguage":"en-GB"},{"@type":"Organization","@id":"https:\/\/www.ipr-real.cz\/#organization","name":"I.P.R. Real Estate s.r.o.","url":"https:\/\/www.ipr-real.cz\/","logo":{"@type":"ImageObject","inLanguage":"en-GB","@id":"https:\/\/www.ipr-real.cz\/#\/schema\/logo\/image\/","url":"https:\/\/www.ipr-real.cz\/wp-content\/uploads\/2020\/06\/logo-ipr-real-scaled.png","contentUrl":"https:\/\/www.ipr-real.cz\/wp-content\/uploads\/2020\/06\/logo-ipr-real-scaled.png","width":2560,"height":699,"caption":"I.P.R. Real Estate s.r.o."},"image":{"@id":"https:\/\/www.ipr-real.cz\/#\/schema\/logo\/image\/"},"sameAs":["https:\/\/www.facebook.com\/ipr.real\/","https:\/\/www.instagram.com\/ipr.real.estate\/","https:\/\/www.linkedin.com\/company\/ipr-real","https:\/\/www.youtube.com\/channel\/UCuNvxpimxCSN7CSj0-qAP7Q"]},{"@type":"Person","@id":"https:\/\/www.ipr-real.cz\/#\/schema\/person\/4d8001f6afd1f8ee422a1bf60e865a1a","name":"Vladim\u00edr Hajn\u00edk","image":{"@type":"ImageObject","inLanguage":"en-GB","@id":"https:\/\/www.ipr-real.cz\/#\/schema\/person\/image\/","url":"https:\/\/secure.gravatar.com\/avatar\/6e987033dd9476148cdfc9a518fc1178054764ec564b9c72346ad1e33062e3c1?s=96&d=mm&r=g","contentUrl":"https:\/\/secure.gravatar.com\/avatar\/6e987033dd9476148cdfc9a518fc1178054764ec564b9c72346ad1e33062e3c1?s=96&d=mm&r=g","caption":"Vladim\u00edr Hajn\u00edk"},"url":"https:\/\/www.ipr-real.cz\/en\/author\/hajnik\/"}]}},"_links":{"self":[{"href":"https:\/\/www.ipr-real.cz\/en\/wp-json\/wp\/v2\/posts\/2938","targetHints":{"allow":["GET"]}}],"collection":[{"href":"https:\/\/www.ipr-real.cz\/en\/wp-json\/wp\/v2\/posts"}],"about":[{"href":"https:\/\/www.ipr-real.cz\/en\/wp-json\/wp\/v2\/types\/post"}],"author":[{"embeddable":true,"href":"https:\/\/www.ipr-real.cz\/en\/wp-json\/wp\/v2\/users\/5"}],"replies":[{"embeddable":true,"href":"https:\/\/www.ipr-real.cz\/en\/wp-json\/wp\/v2\/comments?post=2938"}],"version-history":[{"count":2,"href":"https:\/\/www.ipr-real.cz\/en\/wp-json\/wp\/v2\/posts\/2938\/revisions"}],"predecessor-version":[{"id":3239,"href":"https:\/\/www.ipr-real.cz\/en\/wp-json\/wp\/v2\/posts\/2938\/revisions\/3239"}],"wp:attachment":[{"href":"https:\/\/www.ipr-real.cz\/en\/wp-json\/wp\/v2\/media?parent=2938"}],"wp:term":[{"taxonomy":"category","embeddable":true,"href":"https:\/\/www.ipr-real.cz\/en\/wp-json\/wp\/v2\/categories?post=2938"},{"taxonomy":"post_tag","embeddable":true,"href":"https:\/\/www.ipr-real.cz\/en\/wp-json\/wp\/v2\/tags?post=2938"}],"curies":[{"name":"wp","href":"https:\/\/api.w.org\/{rel}","templated":true}]}}