{"id":2577,"date":"2022-03-14T15:22:12","date_gmt":"2022-03-14T15:22:12","guid":{"rendered":"https:\/\/www.ipr-real.cz\/?p=2577"},"modified":"2023-05-16T18:04:18","modified_gmt":"2023-05-16T18:04:18","slug":"pomahame-ukrajine-ciny-jsou-vice-nez-slova","status":"publish","type":"post","link":"https:\/\/www.ipr-real.cz\/en\/pomahame-ukrajine-ciny-jsou-vice-nez-slova\/","title":{"rendered":"Pom\u00e1h\u00e1me UKRAJIN\u011a. \u010cINY jsou v\u00edce ne\u017e slova."},"content":{"rendered":"<p>Tak\u00e9 finan\u010dn\u011b pom\u00e1h\u00e1me\ud83d\udcb0. Krom\u011b toho z\u00e1sobujeme sb\u011brn\u00e1 m\u00edsta spac\u00e1ky, karimatky\ud83d\udecf, deky, n\u00e1dob\u00edm a oble\u010den\u00edm.<\/p>\n\n\n\n<p>\u010casem budou lid\u00e9 z Ukrajiny pot\u0159ebovat zapojit do pr\u00e1ce, projekt\u016f a tam se uk\u00e1\u017ee opravdov\u00e1 s\u00edla\ud83d\udcaa. V\u011b\u0159\u00edm, \u017ee to zvl\u00e1dneme.<\/p>\n\n\n\n<p>Z\u00e1v\u011brem si dovoluji sd\u00edlet:<br>Asi \u0161estilet\u00e1 holka \ud83d\ude4b\ud83c\udffc\u200d\u2640\ufe0fa ani ne desetilet\u00fd kluk\ud83d\ude4b\u200d\u2642\ufe0f si p\u0159ed domem ud\u011blali st\u00e1nek a prod\u00e1vaj\u00ed cel\u00fd v\u00edkend svoje hra\u010dky na pomoc Ukrajin\u011b. Za v\u010derej\u0161ek vybrali 7.500.<br>Kluk: Dobr\u00fd den, koup\u00edte si n\u011bco?<br>J\u00e1: Koupim, jak\u00fd m\u00e1te ceny?<br>Kluk: Auta 25, robot za pades\u00e1t\u2026<br>J\u00e1: Tak j\u00e1 si vezmu tohle auto.<br>Pod\u00e1v\u00e1m mu stovku se slovy, \u017ee to je dobr\u00fd.<br>Kluk: Vy nechcete zp\u00e1tky?<br>J\u00e1: Nechci, d\u011bkuju.<br>Usilovn\u011b p\u0159em\u00fd\u0161l\u00ed co s t\u00edm a pak \u0159\u00edk\u00e1: \u201cNechcete aspo\u0148 \u017evejka\u010dku?\u201d\u2764\ufe0f\ud83d\ude4f<\/p>","protected":false},"excerpt":{"rendered":"<p>Tak\u00e9 finan\u010dn\u011b pom\u00e1h\u00e1me\ud83d\udcb0. Krom\u011b toho z\u00e1sobujeme sb\u011brn\u00e1 m\u00edsta spac\u00e1ky, karimatky\ud83d\udecf, deky, n\u00e1dob\u00edm a oble\u010den\u00edm. \u010casem budou lid\u00e9 z Ukrajiny pot\u0159ebovat<span class=\"excerpt-hellip\"> [\u2026]<\/span><\/p>\n","protected":false},"author":5,"featured_media":0,"comment_status":"open","ping_status":"open","sticky":false,"template":"","format":"standard","meta":{"inline_featured_image":false,"footnotes":""},"categories":[11],"tags":[],"class_list":["post-2577","post","type-post","status-publish","format-standard","hentry","category-blog"],"yoast_head":"<!-- This site is optimized with the Yoast SEO plugin v27.0 - https:\/\/yoast.com\/product\/yoast-seo-wordpress\/ -->\n<title>Pom\u00e1h\u00e1me UKRAJIN\u011a. \u010cINY jsou v\u00edce ne\u017e slova. | I.P.R. Real Estate nemovitosti Praha<\/title>\n<meta name=\"robots\" content=\"index, follow, max-snippet:-1, max-image-preview:large, max-video-preview:-1\" \/>\n<link rel=\"canonical\" href=\"https:\/\/www.ipr-real.cz\/en\/pomahame-ukrajine-ciny-jsou-vice-nez-slova\/\" \/>\n<meta property=\"og:locale\" content=\"en_GB\" \/>\n<meta property=\"og:type\" content=\"article\" \/>\n<meta property=\"og:title\" content=\"Pom\u00e1h\u00e1me UKRAJIN\u011a. \u010cINY jsou v\u00edce ne\u017e slova. | I.P.R. Real Estate nemovitosti Praha\" \/>\n<meta property=\"og:description\" content=\"Tak\u00e9 finan\u010dn\u011b pom\u00e1h\u00e1me\ud83d\udcb0. Krom\u011b toho z\u00e1sobujeme sb\u011brn\u00e1 m\u00edsta spac\u00e1ky, karimatky\ud83d\udecf, deky, n\u00e1dob\u00edm a oble\u010den\u00edm. \u010casem budou lid\u00e9 z Ukrajiny pot\u0159ebovat [\u2026]\" \/>\n<meta property=\"og:url\" content=\"https:\/\/www.ipr-real.cz\/en\/pomahame-ukrajine-ciny-jsou-vice-nez-slova\/\" \/>\n<meta property=\"article:publisher\" content=\"https:\/\/www.facebook.com\/ipr.real\/\" \/>\n<meta property=\"article:published_time\" content=\"2022-03-14T15:22:12+00:00\" \/>\n<meta property=\"article:modified_time\" content=\"2023-05-16T18:04:18+00:00\" \/>\n<meta name=\"author\" content=\"Vladim\u00edr Hajn\u00edk\" \/>\n<meta name=\"twitter:card\" content=\"summary_large_image\" \/>\n<meta name=\"twitter:label1\" content=\"Written by\" \/>\n\t<meta name=\"twitter:data1\" content=\"Vladim\u00edr Hajn\u00edk\" \/>\n\t<meta name=\"twitter:label2\" content=\"Estimated reading time\" \/>\n\t<meta name=\"twitter:data2\" content=\"1 minute\" \/>\n<script type=\"application\/ld+json\" class=\"yoast-schema-graph\">{\"@context\":\"https:\/\/schema.org\",\"@graph\":[{\"@type\":\"Article\",\"@id\":\"https:\/\/www.ipr-real.cz\/pomahame-ukrajine-ciny-jsou-vice-nez-slova\/#article\",\"isPartOf\":{\"@id\":\"https:\/\/www.ipr-real.cz\/pomahame-ukrajine-ciny-jsou-vice-nez-slova\/\"},\"author\":{\"name\":\"Vladim\u00edr Hajn\u00edk\",\"@id\":\"https:\/\/www.ipr-real.cz\/#\/schema\/person\/4d8001f6afd1f8ee422a1bf60e865a1a\"},\"headline\":\"Pom\u00e1h\u00e1me UKRAJIN\u011a. \u010cINY jsou v\u00edce ne\u017e slova.\",\"datePublished\":\"2022-03-14T15:22:12+00:00\",\"dateModified\":\"2023-05-16T18:04:18+00:00\",\"mainEntityOfPage\":{\"@id\":\"https:\/\/www.ipr-real.cz\/pomahame-ukrajine-ciny-jsou-vice-nez-slova\/\"},\"wordCount\":163,\"commentCount\":0,\"publisher\":{\"@id\":\"https:\/\/www.ipr-real.cz\/#organization\"},\"articleSection\":[\"Blog\"],\"inLanguage\":\"en-GB\",\"potentialAction\":[{\"@type\":\"CommentAction\",\"name\":\"Comment\",\"target\":[\"https:\/\/www.ipr-real.cz\/pomahame-ukrajine-ciny-jsou-vice-nez-slova\/#respond\"]}]},{\"@type\":\"WebPage\",\"@id\":\"https:\/\/www.ipr-real.cz\/pomahame-ukrajine-ciny-jsou-vice-nez-slova\/\",\"url\":\"https:\/\/www.ipr-real.cz\/pomahame-ukrajine-ciny-jsou-vice-nez-slova\/\",\"name\":\"Pom\u00e1h\u00e1me UKRAJIN\u011a. \u010cINY jsou v\u00edce ne\u017e slova. | I.P.R. Real Estate nemovitosti Praha\",\"isPartOf\":{\"@id\":\"https:\/\/www.ipr-real.cz\/#website\"},\"datePublished\":\"2022-03-14T15:22:12+00:00\",\"dateModified\":\"2023-05-16T18:04:18+00:00\",\"breadcrumb\":{\"@id\":\"https:\/\/www.ipr-real.cz\/pomahame-ukrajine-ciny-jsou-vice-nez-slova\/#breadcrumb\"},\"inLanguage\":\"en-GB\",\"potentialAction\":[{\"@type\":\"ReadAction\",\"target\":[\"https:\/\/www.ipr-real.cz\/pomahame-ukrajine-ciny-jsou-vice-nez-slova\/\"]}]},{\"@type\":\"BreadcrumbList\",\"@id\":\"https:\/\/www.ipr-real.cz\/pomahame-ukrajine-ciny-jsou-vice-nez-slova\/#breadcrumb\",\"itemListElement\":[{\"@type\":\"ListItem\",\"position\":1,\"name\":\"Dom\u016f\",\"item\":\"https:\/\/www.ipr-real.cz\/\"},{\"@type\":\"ListItem\",\"position\":2,\"name\":\"Pom\u00e1h\u00e1me UKRAJIN\u011a. \u010cINY jsou v\u00edce ne\u017e slova.\"}]},{\"@type\":\"WebSite\",\"@id\":\"https:\/\/www.ipr-real.cz\/#website\",\"url\":\"https:\/\/www.ipr-real.cz\/\",\"name\":\"Realitn\u00ed kancel\u00e1\u0159 I.P.R. Real Estate v Praze\",\"description\":\"\",\"publisher\":{\"@id\":\"https:\/\/www.ipr-real.cz\/#organization\"},\"alternateName\":\"I.P.R. Real Estate\",\"potentialAction\":[{\"@type\":\"SearchAction\",\"target\":{\"@type\":\"EntryPoint\",\"urlTemplate\":\"https:\/\/www.ipr-real.cz\/?s={search_term_string}\"},\"query-input\":{\"@type\":\"PropertyValueSpecification\",\"valueRequired\":true,\"valueName\":\"search_term_string\"}}],\"inLanguage\":\"en-GB\"},{\"@type\":\"Organization\",\"@id\":\"https:\/\/www.ipr-real.cz\/#organization\",\"name\":\"I.P.R. Real Estate s.r.o.\",\"url\":\"https:\/\/www.ipr-real.cz\/\",\"logo\":{\"@type\":\"ImageObject\",\"inLanguage\":\"en-GB\",\"@id\":\"https:\/\/www.ipr-real.cz\/#\/schema\/logo\/image\/\",\"url\":\"https:\/\/www.ipr-real.cz\/wp-content\/uploads\/2020\/06\/logo-ipr-real-scaled.png\",\"contentUrl\":\"https:\/\/www.ipr-real.cz\/wp-content\/uploads\/2020\/06\/logo-ipr-real-scaled.png\",\"width\":2560,\"height\":699,\"caption\":\"I.P.R. Real Estate s.r.o.\"},\"image\":{\"@id\":\"https:\/\/www.ipr-real.cz\/#\/schema\/logo\/image\/\"},\"sameAs\":[\"https:\/\/www.facebook.com\/ipr.real\/\",\"https:\/\/www.instagram.com\/ipr.real.estate\/\",\"https:\/\/www.linkedin.com\/company\/ipr-real\",\"https:\/\/www.youtube.com\/channel\/UCuNvxpimxCSN7CSj0-qAP7Q\"]},{\"@type\":\"Person\",\"@id\":\"https:\/\/www.ipr-real.cz\/#\/schema\/person\/4d8001f6afd1f8ee422a1bf60e865a1a\",\"name\":\"Vladim\u00edr Hajn\u00edk\",\"image\":{\"@type\":\"ImageObject\",\"inLanguage\":\"en-GB\",\"@id\":\"https:\/\/www.ipr-real.cz\/#\/schema\/person\/image\/\",\"url\":\"https:\/\/secure.gravatar.com\/avatar\/6e987033dd9476148cdfc9a518fc1178054764ec564b9c72346ad1e33062e3c1?s=96&d=mm&r=g\",\"contentUrl\":\"https:\/\/secure.gravatar.com\/avatar\/6e987033dd9476148cdfc9a518fc1178054764ec564b9c72346ad1e33062e3c1?s=96&d=mm&r=g\",\"caption\":\"Vladim\u00edr Hajn\u00edk\"},\"url\":\"https:\/\/www.ipr-real.cz\/en\/author\/hajnik\/\"}]}<\/script>\n<!-- \/ Yoast SEO plugin. -->","yoast_head_json":{"title":"Pom\u00e1h\u00e1me UKRAJIN\u011a. \u010cINY jsou v\u00edce ne\u017e slova. | I.P.R. Real Estate nemovitosti Praha","robots":{"index":"index","follow":"follow","max-snippet":"max-snippet:-1","max-image-preview":"max-image-preview:large","max-video-preview":"max-video-preview:-1"},"canonical":"https:\/\/www.ipr-real.cz\/en\/pomahame-ukrajine-ciny-jsou-vice-nez-slova\/","og_locale":"en_GB","og_type":"article","og_title":"Pom\u00e1h\u00e1me UKRAJIN\u011a. \u010cINY jsou v\u00edce ne\u017e slova. | I.P.R. Real Estate nemovitosti Praha","og_description":"Tak\u00e9 finan\u010dn\u011b pom\u00e1h\u00e1me\ud83d\udcb0. Krom\u011b toho z\u00e1sobujeme sb\u011brn\u00e1 m\u00edsta spac\u00e1ky, karimatky\ud83d\udecf, deky, n\u00e1dob\u00edm a oble\u010den\u00edm. \u010casem budou lid\u00e9 z Ukrajiny pot\u0159ebovat [\u2026]","og_url":"https:\/\/www.ipr-real.cz\/en\/pomahame-ukrajine-ciny-jsou-vice-nez-slova\/","article_publisher":"https:\/\/www.facebook.com\/ipr.real\/","article_published_time":"2022-03-14T15:22:12+00:00","article_modified_time":"2023-05-16T18:04:18+00:00","author":"Vladim\u00edr Hajn\u00edk","twitter_card":"summary_large_image","twitter_misc":{"Written by":"Vladim\u00edr Hajn\u00edk","Estimated reading time":"1 minute"},"schema":{"@context":"https:\/\/schema.org","@graph":[{"@type":"Article","@id":"https:\/\/www.ipr-real.cz\/pomahame-ukrajine-ciny-jsou-vice-nez-slova\/#article","isPartOf":{"@id":"https:\/\/www.ipr-real.cz\/pomahame-ukrajine-ciny-jsou-vice-nez-slova\/"},"author":{"name":"Vladim\u00edr Hajn\u00edk","@id":"https:\/\/www.ipr-real.cz\/#\/schema\/person\/4d8001f6afd1f8ee422a1bf60e865a1a"},"headline":"Pom\u00e1h\u00e1me UKRAJIN\u011a. \u010cINY jsou v\u00edce ne\u017e slova.","datePublished":"2022-03-14T15:22:12+00:00","dateModified":"2023-05-16T18:04:18+00:00","mainEntityOfPage":{"@id":"https:\/\/www.ipr-real.cz\/pomahame-ukrajine-ciny-jsou-vice-nez-slova\/"},"wordCount":163,"commentCount":0,"publisher":{"@id":"https:\/\/www.ipr-real.cz\/#organization"},"articleSection":["Blog"],"inLanguage":"en-GB","potentialAction":[{"@type":"CommentAction","name":"Comment","target":["https:\/\/www.ipr-real.cz\/pomahame-ukrajine-ciny-jsou-vice-nez-slova\/#respond"]}]},{"@type":"WebPage","@id":"https:\/\/www.ipr-real.cz\/pomahame-ukrajine-ciny-jsou-vice-nez-slova\/","url":"https:\/\/www.ipr-real.cz\/pomahame-ukrajine-ciny-jsou-vice-nez-slova\/","name":"Pom\u00e1h\u00e1me UKRAJIN\u011a. \u010cINY jsou v\u00edce ne\u017e slova. | I.P.R. Real Estate nemovitosti Praha","isPartOf":{"@id":"https:\/\/www.ipr-real.cz\/#website"},"datePublished":"2022-03-14T15:22:12+00:00","dateModified":"2023-05-16T18:04:18+00:00","breadcrumb":{"@id":"https:\/\/www.ipr-real.cz\/pomahame-ukrajine-ciny-jsou-vice-nez-slova\/#breadcrumb"},"inLanguage":"en-GB","potentialAction":[{"@type":"ReadAction","target":["https:\/\/www.ipr-real.cz\/pomahame-ukrajine-ciny-jsou-vice-nez-slova\/"]}]},{"@type":"BreadcrumbList","@id":"https:\/\/www.ipr-real.cz\/pomahame-ukrajine-ciny-jsou-vice-nez-slova\/#breadcrumb","itemListElement":[{"@type":"ListItem","position":1,"name":"Dom\u016f","item":"https:\/\/www.ipr-real.cz\/"},{"@type":"ListItem","position":2,"name":"Pom\u00e1h\u00e1me UKRAJIN\u011a. \u010cINY jsou v\u00edce ne\u017e slova."}]},{"@type":"WebSite","@id":"https:\/\/www.ipr-real.cz\/#website","url":"https:\/\/www.ipr-real.cz\/","name":"Realitn\u00ed kancel\u00e1\u0159 I.P.R. Real Estate v Praze","description":"","publisher":{"@id":"https:\/\/www.ipr-real.cz\/#organization"},"alternateName":"I.P.R. Real Estate","potentialAction":[{"@type":"SearchAction","target":{"@type":"EntryPoint","urlTemplate":"https:\/\/www.ipr-real.cz\/?s={search_term_string}"},"query-input":{"@type":"PropertyValueSpecification","valueRequired":true,"valueName":"search_term_string"}}],"inLanguage":"en-GB"},{"@type":"Organization","@id":"https:\/\/www.ipr-real.cz\/#organization","name":"I.P.R. Real Estate s.r.o.","url":"https:\/\/www.ipr-real.cz\/","logo":{"@type":"ImageObject","inLanguage":"en-GB","@id":"https:\/\/www.ipr-real.cz\/#\/schema\/logo\/image\/","url":"https:\/\/www.ipr-real.cz\/wp-content\/uploads\/2020\/06\/logo-ipr-real-scaled.png","contentUrl":"https:\/\/www.ipr-real.cz\/wp-content\/uploads\/2020\/06\/logo-ipr-real-scaled.png","width":2560,"height":699,"caption":"I.P.R. Real Estate s.r.o."},"image":{"@id":"https:\/\/www.ipr-real.cz\/#\/schema\/logo\/image\/"},"sameAs":["https:\/\/www.facebook.com\/ipr.real\/","https:\/\/www.instagram.com\/ipr.real.estate\/","https:\/\/www.linkedin.com\/company\/ipr-real","https:\/\/www.youtube.com\/channel\/UCuNvxpimxCSN7CSj0-qAP7Q"]},{"@type":"Person","@id":"https:\/\/www.ipr-real.cz\/#\/schema\/person\/4d8001f6afd1f8ee422a1bf60e865a1a","name":"Vladim\u00edr Hajn\u00edk","image":{"@type":"ImageObject","inLanguage":"en-GB","@id":"https:\/\/www.ipr-real.cz\/#\/schema\/person\/image\/","url":"https:\/\/secure.gravatar.com\/avatar\/6e987033dd9476148cdfc9a518fc1178054764ec564b9c72346ad1e33062e3c1?s=96&d=mm&r=g","contentUrl":"https:\/\/secure.gravatar.com\/avatar\/6e987033dd9476148cdfc9a518fc1178054764ec564b9c72346ad1e33062e3c1?s=96&d=mm&r=g","caption":"Vladim\u00edr Hajn\u00edk"},"url":"https:\/\/www.ipr-real.cz\/en\/author\/hajnik\/"}]}},"_links":{"self":[{"href":"https:\/\/www.ipr-real.cz\/en\/wp-json\/wp\/v2\/posts\/2577","targetHints":{"allow":["GET"]}}],"collection":[{"href":"https:\/\/www.ipr-real.cz\/en\/wp-json\/wp\/v2\/posts"}],"about":[{"href":"https:\/\/www.ipr-real.cz\/en\/wp-json\/wp\/v2\/types\/post"}],"author":[{"embeddable":true,"href":"https:\/\/www.ipr-real.cz\/en\/wp-json\/wp\/v2\/users\/5"}],"replies":[{"embeddable":true,"href":"https:\/\/www.ipr-real.cz\/en\/wp-json\/wp\/v2\/comments?post=2577"}],"version-history":[{"count":3,"href":"https:\/\/www.ipr-real.cz\/en\/wp-json\/wp\/v2\/posts\/2577\/revisions"}],"predecessor-version":[{"id":3237,"href":"https:\/\/www.ipr-real.cz\/en\/wp-json\/wp\/v2\/posts\/2577\/revisions\/3237"}],"wp:attachment":[{"href":"https:\/\/www.ipr-real.cz\/en\/wp-json\/wp\/v2\/media?parent=2577"}],"wp:term":[{"taxonomy":"category","embeddable":true,"href":"https:\/\/www.ipr-real.cz\/en\/wp-json\/wp\/v2\/categories?post=2577"},{"taxonomy":"post_tag","embeddable":true,"href":"https:\/\/www.ipr-real.cz\/en\/wp-json\/wp\/v2\/tags?post=2577"}],"curies":[{"name":"wp","href":"https:\/\/api.w.org\/{rel}","templated":true}]}}