{"id":1281,"date":"2021-02-03T17:14:55","date_gmt":"2021-02-03T17:14:55","guid":{"rendered":"http:\/\/ipr-real.cz\/?p=1281"},"modified":"2021-02-03T17:16:17","modified_gmt":"2021-02-03T17:16:17","slug":"p5-showroom-apartment-jedinecny-projekt-v-srdci-prahy","status":"publish","type":"post","link":"https:\/\/www.ipr-real.cz\/en\/p5-showroom-apartment-jedinecny-projekt-v-srdci-prahy\/","title":{"rendered":"P5 SHOWROOM APARTMENT, jedine\u010dn\u00fd projekt v srdci Prahy"},"content":{"rendered":"<figure class=\"wp-block-image alignfull size-full\"><img loading=\"lazy\" decoding=\"async\" width=\"1920\" height=\"300\" src=\"https:\/\/www.ipr-real.cz\/wp-content\/uploads\/2020\/06\/slider-blog03.jpg\" alt=\"Blog IPR\" class=\"wp-image-447\" srcset=\"https:\/\/www.ipr-real.cz\/wp-content\/uploads\/2020\/06\/slider-blog03.jpg 1920w, https:\/\/www.ipr-real.cz\/wp-content\/uploads\/2020\/06\/slider-blog03-300x47.jpg 300w, https:\/\/www.ipr-real.cz\/wp-content\/uploads\/2020\/06\/slider-blog03-1024x160.jpg 1024w, https:\/\/www.ipr-real.cz\/wp-content\/uploads\/2020\/06\/slider-blog03-768x120.jpg 768w, https:\/\/www.ipr-real.cz\/wp-content\/uploads\/2020\/06\/slider-blog03-1536x240.jpg 1536w\" sizes=\"auto, (max-width:767px) 480px, (max-width:1920px) 100vw, 1920px\" \/><\/figure>\n\n\n\n<div class=\"wp-block-group content80\"><div class=\"wp-block-group__inner-container is-layout-flow wp-block-group-is-layout-flow\">\n<div style=\"height:30px\" aria-hidden=\"true\" class=\"wp-block-spacer\"><\/div>\n\n\n\n\n\n<div style=\"height:20px\" aria-hidden=\"true\" class=\"wp-block-spacer\"><\/div>\n\n\n\n<p>Je Va\u0161\u00edm snem \u017e\u00edt v samotn\u00e9m srdci stov\u011b\u017eat\u00e9 Prahy? M\u00edt mo\u017enost vychutnat si skleni\u010dku obl\u00edben\u00e9ho sektu s v\u00fdhledem na Starom\u011bstsk\u00e9 n\u00e1m\u011bst\u00ed nebo vyj\u00edt z domu na jednu z nejluxusn\u011bj\u0161\u00ed a nejkr\u00e1sn\u011bj\u0161\u00edch ulic Evropy? Pokud ano, tak v\u00edtejte v prostoru P5 SHOWROOM APARTMENT, v projektu spole\u010dnosti INNEX.<\/p>\n\n\n\n<p>Prostor je koncipov\u00e1n jako m\u00edsto pro prezentaci designov\u00fdch produkt\u016f, interi\u00e9rov\u00e9ho vybaven\u00ed a slu\u017eeb spole\u010dnosti INNEX a jejich nejv\u011bt\u0161\u00edch partner\u016f, mezi kter\u00e9 pat\u0159\u00ed Preciosa, VOIX Premium Audio, Brokis, AGC Glass Europe, Nespresso, Aurosa \u2013 premium lifestyle beer a mnoho dal\u0161\u00edch.<\/p>\n\n\n\n<p>Showroom apartment o rozloze t\u00e9m\u011b\u0159 400 m<sup>2<\/sup> zab\u00edr\u00e1 plochu cel\u00e9ho 4. patra v&nbsp;secesn\u00edm dom\u011b na Pa\u0159\u00ed\u017esk\u00e9 ulici.<\/p>\n\n\n\n<p>Cel\u00e9 patro pro\u0161lo kompletn\u00ed rekonstrukc\u00ed a zm\u011bnou dispozic. V&nbsp;showroomu mimo jin\u00e9 naleznete tajn\u00e9 dve\u0159e skryt\u00e9 v&nbsp;knihovn\u011b, kter\u00e9 odd\u011bluj\u00ed soukromou \u010d\u00e1st od pracovn\u00ed nebo magnetickou st\u011bnu, po jej\u00ed\u017e cel\u00e9 plo\u0161e m\u016f\u017eete i ps\u00e1t a malovat.<\/p>\n\n\n\n<p>V&nbsp;sou\u010dasnosti jsou zde vystaveny obrazy od p\u0159edn\u00edho \u010desk\u00e9ho mal\u00ed\u0159e Michaela Rittsteina a jin\u00e9 um\u011bleck\u00e9 p\u0159edm\u011bty, \u010desk\u00fdch um\u011blc\u016f.<\/p>\n\n\n\n<p><em>\u201ePoda\u0159ilo se n\u00e1m vytvo\u0159it prostor, kter\u00fd spojuje showroom, luxusn\u00ed bydlen\u00ed, galerii a priv\u00e1tn\u00ed restauraci. Inspirac\u00ed n\u00e1m byl Design Week v&nbsp;Mil\u00e1n\u011b, kde opravdu ka\u017ed\u00fd voln\u00fd prostor o\u017e\u00edv\u00e1 a st\u00e1v\u00e1 se sou\u010d\u00e1st\u00ed jednoho z nejv\u011bt\u0161\u00edch sv\u00e1tk\u016f designu na sv\u011bt\u011b.\u201c <\/em>dod\u00e1v\u00e1 a vysv\u011btluje majitel spole\u010dnosti Pavel Pravda.<\/p>\n\n\n\n<p>Prostor je mo\u017en\u00e9 pronajmout na soukrom\u00e9 i firemn\u00ed eventy, nat\u00e1\u010den\u00ed reklamn\u00edch spot\u016f \u010di obchodn\u00ed jedn\u00e1n\u00ed. <em>\u201eDok\u00e1\u017eeme vytvo\u0159it nezapomenutelnou atmosf\u00e9ru. Spolupracujeme s&nbsp;\u0161\u00e9fkucha\u0159em Vladislavem \u010cern\u00fdm, kter\u00fd je doslova t\u0159e\u0161ni\u010dkou ve\u0161ker\u00fdch na\u0161ich spole\u010densk\u00fdch akc\u00ed.\u201c<\/em> dod\u00e1v\u00e1 event a project manager Mat\u011bj Tomek.<\/p>\n\n\n\n<p>P5 SHOWROOM APARMENT je projekt, kter\u00fd p\u0159ed\u010d\u00ed Va\u0161e sny a o\u010dek\u00e1v\u00e1n\u00ed o bydlen\u00ed.<\/p>\n\n\n\n<p class=\"has-text-color\" style=\"color:#00007b\"><strong>Pro prohl\u00eddku <a href=\"https:\/\/www.ipr-real.cz\/en\/kontakty\/\">n\u00e1s<span style=\"text-decoration: underline;\"> kontaktujte<\/span><\/a><\/strong><\/p>\n\n\n\n<figure class=\"wp-block-gallery columns-0 is-cropped wp-block-gallery-1 is-layout-flex wp-block-gallery-is-layout-flex\"><ul class=\"blocks-gallery-grid\"><\/ul><\/figure>\n\n\n\n<div class=\"wp-block-button aligncenter btn-blue\"><a class=\"wp-block-button__link has-text-color has-background\" href=\"https:\/\/www.ipr-real.cz\/en\/blog\/\" style=\"background-color:#00007b;color:#ffffff;border-radius:4px\">Zp\u011bt na blog<\/a><\/div>\n<\/div><\/div>\n\n\n\n<div style=\"height:40px\" aria-hidden=\"true\" class=\"wp-block-spacer\"><\/div>\n\n\n\n<p><\/p>","protected":false},"excerpt":{"rendered":"<p>Je Va\u0161\u00edm snem \u017e\u00edt v samotn\u00e9m srdci stov\u011b\u017eat\u00e9 Prahy? M\u00edt mo\u017enost vychutnat si skleni\u010dku obl\u00edben\u00e9ho sektu s v\u00fdhledem na Starom\u011bstsk\u00e9 n\u00e1m\u011bst\u00ed nebo vyj\u00edt z domu na jednu z nejluxusn\u011bj\u0161\u00ed a nejkr\u00e1sn\u011bj\u0161\u00edch ulic Evropy?<\/p>","protected":false},"author":1,"featured_media":0,"comment_status":"closed","ping_status":"closed","sticky":false,"template":"","format":"standard","meta":{"inline_featured_image":false,"footnotes":""},"categories":[11],"tags":[6],"class_list":["post-1281","post","type-post","status-publish","format-standard","hentry","category-blog","tag-blog"],"yoast_head":"<!-- This site is optimized with the Yoast SEO plugin v27.0 - https:\/\/yoast.com\/product\/yoast-seo-wordpress\/ -->\n<title>P5 SHOWROOM APARTMENT, jedine\u010dn\u00fd projekt v srdci Prahy | I.P.R. Real Estate nemovitosti Praha<\/title>\n<meta name=\"robots\" content=\"index, follow, max-snippet:-1, max-image-preview:large, max-video-preview:-1\" \/>\n<link rel=\"canonical\" href=\"https:\/\/www.ipr-real.cz\/en\/p5-showroom-apartment-jedinecny-projekt-v-srdci-prahy\/\" \/>\n<meta property=\"og:locale\" content=\"en_GB\" \/>\n<meta property=\"og:type\" content=\"article\" \/>\n<meta property=\"og:title\" content=\"P5 SHOWROOM APARTMENT, jedine\u010dn\u00fd projekt v srdci Prahy | I.P.R. Real Estate nemovitosti Praha\" \/>\n<meta property=\"og:description\" content=\"Je Va\u0161\u00edm snem \u017e\u00edt v samotn\u00e9m srdci stov\u011b\u017eat\u00e9 Prahy? M\u00edt mo\u017enost vychutnat si skleni\u010dku obl\u00edben\u00e9ho sektu s v\u00fdhledem na Starom\u011bstsk\u00e9 n\u00e1m\u011bst\u00ed nebo vyj\u00edt z domu na jednu z nejluxusn\u011bj\u0161\u00ed a nejkr\u00e1sn\u011bj\u0161\u00edch ulic Evropy?\" \/>\n<meta property=\"og:url\" content=\"https:\/\/www.ipr-real.cz\/en\/p5-showroom-apartment-jedinecny-projekt-v-srdci-prahy\/\" \/>\n<meta property=\"article:publisher\" content=\"https:\/\/www.facebook.com\/ipr.real\/\" \/>\n<meta property=\"article:published_time\" content=\"2021-02-03T17:14:55+00:00\" \/>\n<meta property=\"article:modified_time\" content=\"2021-02-03T17:16:17+00:00\" \/>\n<meta property=\"og:image\" content=\"https:\/\/www.ipr-real.cz\/wp-content\/uploads\/2020\/06\/slider-blog03.jpg\" \/>\n<meta name=\"author\" content=\"admin\" \/>\n<meta name=\"twitter:card\" content=\"summary_large_image\" \/>\n<meta name=\"twitter:label1\" content=\"Written by\" \/>\n\t<meta name=\"twitter:data1\" content=\"admin\" \/>\n\t<meta name=\"twitter:label2\" content=\"Estimated reading time\" \/>\n\t<meta name=\"twitter:data2\" content=\"2 minutes\" \/>\n<script type=\"application\/ld+json\" class=\"yoast-schema-graph\">{\"@context\":\"https:\/\/schema.org\",\"@graph\":[{\"@type\":\"Article\",\"@id\":\"https:\/\/www.ipr-real.cz\/p5-showroom-apartment-jedinecny-projekt-v-srdci-prahy\/#article\",\"isPartOf\":{\"@id\":\"https:\/\/www.ipr-real.cz\/p5-showroom-apartment-jedinecny-projekt-v-srdci-prahy\/\"},\"author\":{\"name\":\"admin\",\"@id\":\"https:\/\/www.ipr-real.cz\/#\/schema\/person\/1a0822d646675d0696da3227d3873127\"},\"headline\":\"P5 SHOWROOM APARTMENT, jedine\u010dn\u00fd projekt v srdci Prahy\",\"datePublished\":\"2021-02-03T17:14:55+00:00\",\"dateModified\":\"2021-02-03T17:16:17+00:00\",\"mainEntityOfPage\":{\"@id\":\"https:\/\/www.ipr-real.cz\/p5-showroom-apartment-jedinecny-projekt-v-srdci-prahy\/\"},\"wordCount\":365,\"publisher\":{\"@id\":\"https:\/\/www.ipr-real.cz\/#organization\"},\"image\":{\"@id\":\"https:\/\/www.ipr-real.cz\/p5-showroom-apartment-jedinecny-projekt-v-srdci-prahy\/#primaryimage\"},\"thumbnailUrl\":\"https:\/\/www.ipr-real.cz\/wp-content\/uploads\/2020\/06\/slider-blog03.jpg\",\"keywords\":[\"blog\"],\"articleSection\":[\"Blog\"],\"inLanguage\":\"en-GB\"},{\"@type\":\"WebPage\",\"@id\":\"https:\/\/www.ipr-real.cz\/p5-showroom-apartment-jedinecny-projekt-v-srdci-prahy\/\",\"url\":\"https:\/\/www.ipr-real.cz\/p5-showroom-apartment-jedinecny-projekt-v-srdci-prahy\/\",\"name\":\"P5 SHOWROOM APARTMENT, jedine\u010dn\u00fd projekt v srdci Prahy | I.P.R. Real Estate nemovitosti Praha\",\"isPartOf\":{\"@id\":\"https:\/\/www.ipr-real.cz\/#website\"},\"primaryImageOfPage\":{\"@id\":\"https:\/\/www.ipr-real.cz\/p5-showroom-apartment-jedinecny-projekt-v-srdci-prahy\/#primaryimage\"},\"image\":{\"@id\":\"https:\/\/www.ipr-real.cz\/p5-showroom-apartment-jedinecny-projekt-v-srdci-prahy\/#primaryimage\"},\"thumbnailUrl\":\"https:\/\/www.ipr-real.cz\/wp-content\/uploads\/2020\/06\/slider-blog03.jpg\",\"datePublished\":\"2021-02-03T17:14:55+00:00\",\"dateModified\":\"2021-02-03T17:16:17+00:00\",\"breadcrumb\":{\"@id\":\"https:\/\/www.ipr-real.cz\/p5-showroom-apartment-jedinecny-projekt-v-srdci-prahy\/#breadcrumb\"},\"inLanguage\":\"en-GB\",\"potentialAction\":[{\"@type\":\"ReadAction\",\"target\":[\"https:\/\/www.ipr-real.cz\/p5-showroom-apartment-jedinecny-projekt-v-srdci-prahy\/\"]}]},{\"@type\":\"ImageObject\",\"inLanguage\":\"en-GB\",\"@id\":\"https:\/\/www.ipr-real.cz\/p5-showroom-apartment-jedinecny-projekt-v-srdci-prahy\/#primaryimage\",\"url\":\"https:\/\/www.ipr-real.cz\/wp-content\/uploads\/2020\/06\/slider-blog03.jpg\",\"contentUrl\":\"https:\/\/www.ipr-real.cz\/wp-content\/uploads\/2020\/06\/slider-blog03.jpg\"},{\"@type\":\"BreadcrumbList\",\"@id\":\"https:\/\/www.ipr-real.cz\/p5-showroom-apartment-jedinecny-projekt-v-srdci-prahy\/#breadcrumb\",\"itemListElement\":[{\"@type\":\"ListItem\",\"position\":1,\"name\":\"Dom\u016f\",\"item\":\"https:\/\/www.ipr-real.cz\/\"},{\"@type\":\"ListItem\",\"position\":2,\"name\":\"P5 SHOWROOM APARTMENT, jedine\u010dn\u00fd projekt v srdci Prahy\"}]},{\"@type\":\"WebSite\",\"@id\":\"https:\/\/www.ipr-real.cz\/#website\",\"url\":\"https:\/\/www.ipr-real.cz\/\",\"name\":\"Realitn\u00ed kancel\u00e1\u0159 I.P.R. Real Estate v Praze\",\"description\":\"\",\"publisher\":{\"@id\":\"https:\/\/www.ipr-real.cz\/#organization\"},\"alternateName\":\"I.P.R. Real Estate\",\"potentialAction\":[{\"@type\":\"SearchAction\",\"target\":{\"@type\":\"EntryPoint\",\"urlTemplate\":\"https:\/\/www.ipr-real.cz\/?s={search_term_string}\"},\"query-input\":{\"@type\":\"PropertyValueSpecification\",\"valueRequired\":true,\"valueName\":\"search_term_string\"}}],\"inLanguage\":\"en-GB\"},{\"@type\":\"Organization\",\"@id\":\"https:\/\/www.ipr-real.cz\/#organization\",\"name\":\"I.P.R. Real Estate s.r.o.\",\"url\":\"https:\/\/www.ipr-real.cz\/\",\"logo\":{\"@type\":\"ImageObject\",\"inLanguage\":\"en-GB\",\"@id\":\"https:\/\/www.ipr-real.cz\/#\/schema\/logo\/image\/\",\"url\":\"https:\/\/www.ipr-real.cz\/wp-content\/uploads\/2020\/06\/logo-ipr-real-scaled.png\",\"contentUrl\":\"https:\/\/www.ipr-real.cz\/wp-content\/uploads\/2020\/06\/logo-ipr-real-scaled.png\",\"width\":2560,\"height\":699,\"caption\":\"I.P.R. Real Estate s.r.o.\"},\"image\":{\"@id\":\"https:\/\/www.ipr-real.cz\/#\/schema\/logo\/image\/\"},\"sameAs\":[\"https:\/\/www.facebook.com\/ipr.real\/\",\"https:\/\/www.instagram.com\/ipr.real.estate\/\",\"https:\/\/www.linkedin.com\/company\/ipr-real\",\"https:\/\/www.youtube.com\/channel\/UCuNvxpimxCSN7CSj0-qAP7Q\"]},{\"@type\":\"Person\",\"@id\":\"https:\/\/www.ipr-real.cz\/#\/schema\/person\/1a0822d646675d0696da3227d3873127\",\"name\":\"admin\",\"image\":{\"@type\":\"ImageObject\",\"inLanguage\":\"en-GB\",\"@id\":\"https:\/\/www.ipr-real.cz\/#\/schema\/person\/image\/\",\"url\":\"https:\/\/secure.gravatar.com\/avatar\/8675be783e092832ae144c1845342db85c2cfa06b44a211dec0d47917a896c18?s=96&d=mm&r=g\",\"contentUrl\":\"https:\/\/secure.gravatar.com\/avatar\/8675be783e092832ae144c1845342db85c2cfa06b44a211dec0d47917a896c18?s=96&d=mm&r=g\",\"caption\":\"admin\"},\"sameAs\":[\"https:\/\/www.hajnikdesign.cz\"],\"url\":\"https:\/\/www.ipr-real.cz\/en\/author\/admin\/\"}]}<\/script>\n<!-- \/ Yoast SEO plugin. -->","yoast_head_json":{"title":"P5 SHOWROOM APARTMENT, jedine\u010dn\u00fd projekt v srdci Prahy | I.P.R. Real Estate nemovitosti Praha","robots":{"index":"index","follow":"follow","max-snippet":"max-snippet:-1","max-image-preview":"max-image-preview:large","max-video-preview":"max-video-preview:-1"},"canonical":"https:\/\/www.ipr-real.cz\/en\/p5-showroom-apartment-jedinecny-projekt-v-srdci-prahy\/","og_locale":"en_GB","og_type":"article","og_title":"P5 SHOWROOM APARTMENT, jedine\u010dn\u00fd projekt v srdci Prahy | I.P.R. Real Estate nemovitosti Praha","og_description":"Je Va\u0161\u00edm snem \u017e\u00edt v samotn\u00e9m srdci stov\u011b\u017eat\u00e9 Prahy? M\u00edt mo\u017enost vychutnat si skleni\u010dku obl\u00edben\u00e9ho sektu s v\u00fdhledem na Starom\u011bstsk\u00e9 n\u00e1m\u011bst\u00ed nebo vyj\u00edt z domu na jednu z nejluxusn\u011bj\u0161\u00ed a nejkr\u00e1sn\u011bj\u0161\u00edch ulic Evropy?","og_url":"https:\/\/www.ipr-real.cz\/en\/p5-showroom-apartment-jedinecny-projekt-v-srdci-prahy\/","article_publisher":"https:\/\/www.facebook.com\/ipr.real\/","article_published_time":"2021-02-03T17:14:55+00:00","article_modified_time":"2021-02-03T17:16:17+00:00","og_image":[{"url":"https:\/\/www.ipr-real.cz\/wp-content\/uploads\/2020\/06\/slider-blog03.jpg","type":"","width":"","height":""}],"author":"admin","twitter_card":"summary_large_image","twitter_misc":{"Written by":"admin","Estimated reading time":"2 minutes"},"schema":{"@context":"https:\/\/schema.org","@graph":[{"@type":"Article","@id":"https:\/\/www.ipr-real.cz\/p5-showroom-apartment-jedinecny-projekt-v-srdci-prahy\/#article","isPartOf":{"@id":"https:\/\/www.ipr-real.cz\/p5-showroom-apartment-jedinecny-projekt-v-srdci-prahy\/"},"author":{"name":"admin","@id":"https:\/\/www.ipr-real.cz\/#\/schema\/person\/1a0822d646675d0696da3227d3873127"},"headline":"P5 SHOWROOM APARTMENT, jedine\u010dn\u00fd projekt v srdci Prahy","datePublished":"2021-02-03T17:14:55+00:00","dateModified":"2021-02-03T17:16:17+00:00","mainEntityOfPage":{"@id":"https:\/\/www.ipr-real.cz\/p5-showroom-apartment-jedinecny-projekt-v-srdci-prahy\/"},"wordCount":365,"publisher":{"@id":"https:\/\/www.ipr-real.cz\/#organization"},"image":{"@id":"https:\/\/www.ipr-real.cz\/p5-showroom-apartment-jedinecny-projekt-v-srdci-prahy\/#primaryimage"},"thumbnailUrl":"https:\/\/www.ipr-real.cz\/wp-content\/uploads\/2020\/06\/slider-blog03.jpg","keywords":["blog"],"articleSection":["Blog"],"inLanguage":"en-GB"},{"@type":"WebPage","@id":"https:\/\/www.ipr-real.cz\/p5-showroom-apartment-jedinecny-projekt-v-srdci-prahy\/","url":"https:\/\/www.ipr-real.cz\/p5-showroom-apartment-jedinecny-projekt-v-srdci-prahy\/","name":"P5 SHOWROOM APARTMENT, jedine\u010dn\u00fd projekt v srdci Prahy | I.P.R. Real Estate nemovitosti Praha","isPartOf":{"@id":"https:\/\/www.ipr-real.cz\/#website"},"primaryImageOfPage":{"@id":"https:\/\/www.ipr-real.cz\/p5-showroom-apartment-jedinecny-projekt-v-srdci-prahy\/#primaryimage"},"image":{"@id":"https:\/\/www.ipr-real.cz\/p5-showroom-apartment-jedinecny-projekt-v-srdci-prahy\/#primaryimage"},"thumbnailUrl":"https:\/\/www.ipr-real.cz\/wp-content\/uploads\/2020\/06\/slider-blog03.jpg","datePublished":"2021-02-03T17:14:55+00:00","dateModified":"2021-02-03T17:16:17+00:00","breadcrumb":{"@id":"https:\/\/www.ipr-real.cz\/p5-showroom-apartment-jedinecny-projekt-v-srdci-prahy\/#breadcrumb"},"inLanguage":"en-GB","potentialAction":[{"@type":"ReadAction","target":["https:\/\/www.ipr-real.cz\/p5-showroom-apartment-jedinecny-projekt-v-srdci-prahy\/"]}]},{"@type":"ImageObject","inLanguage":"en-GB","@id":"https:\/\/www.ipr-real.cz\/p5-showroom-apartment-jedinecny-projekt-v-srdci-prahy\/#primaryimage","url":"https:\/\/www.ipr-real.cz\/wp-content\/uploads\/2020\/06\/slider-blog03.jpg","contentUrl":"https:\/\/www.ipr-real.cz\/wp-content\/uploads\/2020\/06\/slider-blog03.jpg"},{"@type":"BreadcrumbList","@id":"https:\/\/www.ipr-real.cz\/p5-showroom-apartment-jedinecny-projekt-v-srdci-prahy\/#breadcrumb","itemListElement":[{"@type":"ListItem","position":1,"name":"Dom\u016f","item":"https:\/\/www.ipr-real.cz\/"},{"@type":"ListItem","position":2,"name":"P5 SHOWROOM APARTMENT, jedine\u010dn\u00fd projekt v srdci Prahy"}]},{"@type":"WebSite","@id":"https:\/\/www.ipr-real.cz\/#website","url":"https:\/\/www.ipr-real.cz\/","name":"Realitn\u00ed kancel\u00e1\u0159 I.P.R. Real Estate v Praze","description":"","publisher":{"@id":"https:\/\/www.ipr-real.cz\/#organization"},"alternateName":"I.P.R. Real Estate","potentialAction":[{"@type":"SearchAction","target":{"@type":"EntryPoint","urlTemplate":"https:\/\/www.ipr-real.cz\/?s={search_term_string}"},"query-input":{"@type":"PropertyValueSpecification","valueRequired":true,"valueName":"search_term_string"}}],"inLanguage":"en-GB"},{"@type":"Organization","@id":"https:\/\/www.ipr-real.cz\/#organization","name":"I.P.R. Real Estate s.r.o.","url":"https:\/\/www.ipr-real.cz\/","logo":{"@type":"ImageObject","inLanguage":"en-GB","@id":"https:\/\/www.ipr-real.cz\/#\/schema\/logo\/image\/","url":"https:\/\/www.ipr-real.cz\/wp-content\/uploads\/2020\/06\/logo-ipr-real-scaled.png","contentUrl":"https:\/\/www.ipr-real.cz\/wp-content\/uploads\/2020\/06\/logo-ipr-real-scaled.png","width":2560,"height":699,"caption":"I.P.R. Real Estate s.r.o."},"image":{"@id":"https:\/\/www.ipr-real.cz\/#\/schema\/logo\/image\/"},"sameAs":["https:\/\/www.facebook.com\/ipr.real\/","https:\/\/www.instagram.com\/ipr.real.estate\/","https:\/\/www.linkedin.com\/company\/ipr-real","https:\/\/www.youtube.com\/channel\/UCuNvxpimxCSN7CSj0-qAP7Q"]},{"@type":"Person","@id":"https:\/\/www.ipr-real.cz\/#\/schema\/person\/1a0822d646675d0696da3227d3873127","name":"admin","image":{"@type":"ImageObject","inLanguage":"en-GB","@id":"https:\/\/www.ipr-real.cz\/#\/schema\/person\/image\/","url":"https:\/\/secure.gravatar.com\/avatar\/8675be783e092832ae144c1845342db85c2cfa06b44a211dec0d47917a896c18?s=96&d=mm&r=g","contentUrl":"https:\/\/secure.gravatar.com\/avatar\/8675be783e092832ae144c1845342db85c2cfa06b44a211dec0d47917a896c18?s=96&d=mm&r=g","caption":"admin"},"sameAs":["https:\/\/www.hajnikdesign.cz"],"url":"https:\/\/www.ipr-real.cz\/en\/author\/admin\/"}]}},"_links":{"self":[{"href":"https:\/\/www.ipr-real.cz\/en\/wp-json\/wp\/v2\/posts\/1281","targetHints":{"allow":["GET"]}}],"collection":[{"href":"https:\/\/www.ipr-real.cz\/en\/wp-json\/wp\/v2\/posts"}],"about":[{"href":"https:\/\/www.ipr-real.cz\/en\/wp-json\/wp\/v2\/types\/post"}],"author":[{"embeddable":true,"href":"https:\/\/www.ipr-real.cz\/en\/wp-json\/wp\/v2\/users\/1"}],"replies":[{"embeddable":true,"href":"https:\/\/www.ipr-real.cz\/en\/wp-json\/wp\/v2\/comments?post=1281"}],"version-history":[{"count":2,"href":"https:\/\/www.ipr-real.cz\/en\/wp-json\/wp\/v2\/posts\/1281\/revisions"}],"predecessor-version":[{"id":1284,"href":"https:\/\/www.ipr-real.cz\/en\/wp-json\/wp\/v2\/posts\/1281\/revisions\/1284"}],"wp:attachment":[{"href":"https:\/\/www.ipr-real.cz\/en\/wp-json\/wp\/v2\/media?parent=1281"}],"wp:term":[{"taxonomy":"category","embeddable":true,"href":"https:\/\/www.ipr-real.cz\/en\/wp-json\/wp\/v2\/categories?post=1281"},{"taxonomy":"post_tag","embeddable":true,"href":"https:\/\/www.ipr-real.cz\/en\/wp-json\/wp\/v2\/tags?post=1281"}],"curies":[{"name":"wp","href":"https:\/\/api.w.org\/{rel}","templated":true}]}}