{"id":124,"date":"2020-05-21T12:54:30","date_gmt":"2020-05-21T12:54:30","guid":{"rendered":"http:\/\/ipr-real.cz\/?p=124"},"modified":"2020-11-27T13:45:52","modified_gmt":"2020-11-27T13:45:52","slug":"je-nutne-mit-pri-prodeji-nebo-pronajmu-nemovitosti-prukaz-energeticke-narocnosti-budovy-penb","status":"publish","type":"post","link":"https:\/\/www.ipr-real.cz\/en\/je-nutne-mit-pri-prodeji-nebo-pronajmu-nemovitosti-prukaz-energeticke-narocnosti-budovy-penb\/","title":{"rendered":"Je nutn\u00e9 m\u00edt p\u0159i prodeji nebo pron\u00e1jmu nemovitosti pr\u016fkaz energetick\u00e9 n\u00e1ro\u010dnosti budovy (PENB)?"},"content":{"rendered":"<figure class=\"wp-block-image alignfull size-full\"><img loading=\"lazy\" decoding=\"async\" width=\"1920\" height=\"300\" src=\"https:\/\/www.ipr-real.cz\/wp-content\/uploads\/2020\/06\/slider-blog03.jpg\" alt=\"Blog IPR\" class=\"wp-image-447\" srcset=\"https:\/\/www.ipr-real.cz\/wp-content\/uploads\/2020\/06\/slider-blog03.jpg 1920w, https:\/\/www.ipr-real.cz\/wp-content\/uploads\/2020\/06\/slider-blog03-300x47.jpg 300w, https:\/\/www.ipr-real.cz\/wp-content\/uploads\/2020\/06\/slider-blog03-1024x160.jpg 1024w, https:\/\/www.ipr-real.cz\/wp-content\/uploads\/2020\/06\/slider-blog03-768x120.jpg 768w, https:\/\/www.ipr-real.cz\/wp-content\/uploads\/2020\/06\/slider-blog03-1536x240.jpg 1536w\" sizes=\"auto, (max-width:767px) 480px, (max-width:1920px) 100vw, 1920px\" \/><\/figure>\n\n\n\n<div class=\"wp-block-group content80\"><div class=\"wp-block-group__inner-container is-layout-flow wp-block-group-is-layout-flow\">\n<div style=\"height:30px\" aria-hidden=\"true\" class=\"wp-block-spacer\"><\/div>\n\n\n\n\n\n<div style=\"height:20px\" aria-hidden=\"true\" class=\"wp-block-spacer\"><\/div>\n\n\n\n<p>K ot\u00e1zce se n\u00e1m vyj\u00e1d\u0159il specialista, pan Dalibor Andrejs ze spole\u010dnosti ANDAMI, kter\u00e1 se  dan\u00fdm pr\u016fkaz\u016fm v\u011bnuje. <\/p>\n\n\n\n<p>\nPr\u016fkaz energetick\u00e9 n\u00e1ro\u010dnosti budovy je t\u0159eba v n\u00e1sleduj\u00edc\u00edch p\u0159\u00edpadech: <\/p>\n\n\n\n<ul class=\"wp-block-list\"><li>pro prodej\/pron\u00e1jem rodinn\u00e9ho domu je PENB pot\u0159eba od 1. 1. 2013 <\/li><li>pro prodej\/pron\u00e1jem cel\u00e9 komer\u010dn\u00ed budovy je PENB pot\u0159eba od 1. 1. 2013 <\/li><li>pro prodej\/pron\u00e1jem bytov\u00e9 jednotky je PENB pot\u0159eba od 1. 1. 2013 (lze  nahradit vy\u00fa\u010dtov\u00e1n\u00edm za spot\u0159ebovan\u00e9 energie za posledn\u00ed  3 roky, pokud  PENB nen\u00ed k dispozici) \u2013 spole\u010denstv\u00ed vlastn\u00edk\u016f a bytov\u00e1 dru\u017estva  v\u011bt\u0161inou maj\u00ed vyhotoven PENB domu. Pro n\u011bkter\u00e9 bytov\u00e9 domy by v\u0161ak k  dispozici m\u011bl b\u00fdt, nebo\u0165 bytov\u00e9 domy a administrativn\u00ed budovy maj\u00ed  povinnost m\u00edt PENB zpracovan\u00fd:   <ul><li>do 1. 1. 2015 (p\u0159i energeticky vzta\u017en\u00e9 plo\u0161e objektu nad 1500 m2) <\/li><li>do 1. 1. 2017 (p\u0159i energeticky vzta\u017en\u00e9 plo\u0161e objektu nad 1000 m2) <\/li><li>do 1. 1. 2019 (v ostatn\u00edch p\u0159\u00edpadech)     <\/li><\/ul><\/li><\/ul>\n\n\n\n<p>\nV p\u0159\u00edpad\u011b nedolo\u017een\u00ed PENB m\u016f\u017ee b\u00fdt ulo\u017eena pokuta. <\/p>\n\n\n\n<p> Pro zpracov\u00e1n\u00ed PENB je t\u0159eba: <\/p>\n\n\n\n<ul class=\"wp-block-list\"><li>zap\u016fj\u010dit projektovou dokumentaci stavby (sta\u010d\u00ed p\u016fdorysy a \u0159ez nebo pohledy) <\/li><li>zn\u00e1t zp\u016fsob vyt\u00e1p\u011bn\u00ed objektu, zp\u016fsob p\u0159\u00edpravy tepl\u00e9 vody, druh  osv\u011btlen\u00ed, v\u011btr\u00e1n\u00ed a chlazen\u00ed a zvlh\u010dov\u00e1n\u00ed vzduchu (pokud je instalov\u00e1na  klimatizace) <\/li><li>ov\u011b\u0159it kvalitu a stav proveden\u00ed vn\u011bj\u0161\u00ed ob\u00e1lky stavby <\/li><\/ul>\n\n\n\n<p class=\"has-text-color\" style=\"color:#00007b\"><\/p>\n\n\n\n<figure class=\"wp-block-gallery columns-0 is-cropped wp-block-gallery-1 is-layout-flex wp-block-gallery-is-layout-flex\"><ul class=\"blocks-gallery-grid\"><\/ul><\/figure>\n\n\n\n<div class=\"wp-block-button aligncenter btn-blue\"><a class=\"wp-block-button__link has-text-color has-background\" href=\"https:\/\/www.ipr-real.cz\/en\/blog\/\" style=\"background-color:#00007b;color:#ffffff;border-radius:4px\">Zp\u011bt na blog<\/a><\/div>\n<\/div><\/div>\n\n\n\n<div style=\"height:40px\" aria-hidden=\"true\" class=\"wp-block-spacer\"><\/div>\n\n\n\n<p><\/p>","protected":false},"excerpt":{"rendered":"<p>K ot\u00e1zce se n\u00e1m vyj\u00e1d\u0159il specialista, pan Dalibor Andrejs ze spole\u010dnosti ANDAMI, kter\u00e1 se  dan\u00fdm pr\u016fkaz\u016fm v\u011bnuje. <\/p>","protected":false},"author":1,"featured_media":0,"comment_status":"closed","ping_status":"closed","sticky":false,"template":"","format":"standard","meta":{"inline_featured_image":false,"footnotes":""},"categories":[11],"tags":[6],"class_list":["post-124","post","type-post","status-publish","format-standard","hentry","category-blog","tag-blog"],"yoast_head":"<!-- This site is optimized with the Yoast SEO plugin v27.0 - https:\/\/yoast.com\/product\/yoast-seo-wordpress\/ -->\n<title>Je nutn\u00e9 m\u00edt p\u0159i prodeji nebo pron\u00e1jmu nemovitosti pr\u016fkaz energetick\u00e9 n\u00e1ro\u010dnosti budovy (PENB)? | I.P.R. Real Estate nemovitosti Praha<\/title>\n<meta name=\"robots\" content=\"index, follow, max-snippet:-1, max-image-preview:large, max-video-preview:-1\" \/>\n<link rel=\"canonical\" href=\"https:\/\/www.ipr-real.cz\/en\/je-nutne-mit-pri-prodeji-nebo-pronajmu-nemovitosti-prukaz-energeticke-narocnosti-budovy-penb\/\" \/>\n<meta property=\"og:locale\" content=\"en_GB\" \/>\n<meta property=\"og:type\" content=\"article\" \/>\n<meta property=\"og:title\" content=\"Je nutn\u00e9 m\u00edt p\u0159i prodeji nebo pron\u00e1jmu nemovitosti pr\u016fkaz energetick\u00e9 n\u00e1ro\u010dnosti budovy (PENB)? | I.P.R. Real Estate nemovitosti Praha\" \/>\n<meta property=\"og:description\" content=\"K ot\u00e1zce se n\u00e1m vyj\u00e1d\u0159il specialista, pan Dalibor Andrejs ze spole\u010dnosti ANDAMI, kter\u00e1 se dan\u00fdm pr\u016fkaz\u016fm v\u011bnuje.\" \/>\n<meta property=\"og:url\" content=\"https:\/\/www.ipr-real.cz\/en\/je-nutne-mit-pri-prodeji-nebo-pronajmu-nemovitosti-prukaz-energeticke-narocnosti-budovy-penb\/\" \/>\n<meta property=\"article:publisher\" content=\"https:\/\/www.facebook.com\/ipr.real\/\" \/>\n<meta property=\"article:published_time\" content=\"2020-05-21T12:54:30+00:00\" \/>\n<meta property=\"article:modified_time\" content=\"2020-11-27T13:45:52+00:00\" \/>\n<meta property=\"og:image\" content=\"https:\/\/www.ipr-real.cz\/wp-content\/uploads\/2020\/06\/slider-blog03.jpg\" \/>\n<meta name=\"author\" content=\"admin\" \/>\n<meta name=\"twitter:card\" content=\"summary_large_image\" \/>\n<meta name=\"twitter:label1\" content=\"Written by\" \/>\n\t<meta name=\"twitter:data1\" content=\"admin\" \/>\n\t<meta name=\"twitter:label2\" content=\"Estimated reading time\" \/>\n\t<meta name=\"twitter:data2\" content=\"1 minute\" \/>\n<script type=\"application\/ld+json\" class=\"yoast-schema-graph\">{\"@context\":\"https:\/\/schema.org\",\"@graph\":[{\"@type\":\"Article\",\"@id\":\"https:\/\/www.ipr-real.cz\/je-nutne-mit-pri-prodeji-nebo-pronajmu-nemovitosti-prukaz-energeticke-narocnosti-budovy-penb\/#article\",\"isPartOf\":{\"@id\":\"https:\/\/www.ipr-real.cz\/je-nutne-mit-pri-prodeji-nebo-pronajmu-nemovitosti-prukaz-energeticke-narocnosti-budovy-penb\/\"},\"author\":{\"name\":\"admin\",\"@id\":\"https:\/\/www.ipr-real.cz\/#\/schema\/person\/1a0822d646675d0696da3227d3873127\"},\"headline\":\"Je nutn\u00e9 m\u00edt p\u0159i prodeji nebo pron\u00e1jmu nemovitosti pr\u016fkaz energetick\u00e9 n\u00e1ro\u010dnosti budovy (PENB)?\",\"datePublished\":\"2020-05-21T12:54:30+00:00\",\"dateModified\":\"2020-11-27T13:45:52+00:00\",\"mainEntityOfPage\":{\"@id\":\"https:\/\/www.ipr-real.cz\/je-nutne-mit-pri-prodeji-nebo-pronajmu-nemovitosti-prukaz-energeticke-narocnosti-budovy-penb\/\"},\"wordCount\":261,\"publisher\":{\"@id\":\"https:\/\/www.ipr-real.cz\/#organization\"},\"image\":{\"@id\":\"https:\/\/www.ipr-real.cz\/je-nutne-mit-pri-prodeji-nebo-pronajmu-nemovitosti-prukaz-energeticke-narocnosti-budovy-penb\/#primaryimage\"},\"thumbnailUrl\":\"https:\/\/www.ipr-real.cz\/wp-content\/uploads\/2020\/06\/slider-blog03.jpg\",\"keywords\":[\"blog\"],\"articleSection\":[\"Blog\"],\"inLanguage\":\"en-GB\"},{\"@type\":\"WebPage\",\"@id\":\"https:\/\/www.ipr-real.cz\/je-nutne-mit-pri-prodeji-nebo-pronajmu-nemovitosti-prukaz-energeticke-narocnosti-budovy-penb\/\",\"url\":\"https:\/\/www.ipr-real.cz\/je-nutne-mit-pri-prodeji-nebo-pronajmu-nemovitosti-prukaz-energeticke-narocnosti-budovy-penb\/\",\"name\":\"Je nutn\u00e9 m\u00edt p\u0159i prodeji nebo pron\u00e1jmu nemovitosti pr\u016fkaz energetick\u00e9 n\u00e1ro\u010dnosti budovy (PENB)? | I.P.R. Real Estate nemovitosti Praha\",\"isPartOf\":{\"@id\":\"https:\/\/www.ipr-real.cz\/#website\"},\"primaryImageOfPage\":{\"@id\":\"https:\/\/www.ipr-real.cz\/je-nutne-mit-pri-prodeji-nebo-pronajmu-nemovitosti-prukaz-energeticke-narocnosti-budovy-penb\/#primaryimage\"},\"image\":{\"@id\":\"https:\/\/www.ipr-real.cz\/je-nutne-mit-pri-prodeji-nebo-pronajmu-nemovitosti-prukaz-energeticke-narocnosti-budovy-penb\/#primaryimage\"},\"thumbnailUrl\":\"https:\/\/www.ipr-real.cz\/wp-content\/uploads\/2020\/06\/slider-blog03.jpg\",\"datePublished\":\"2020-05-21T12:54:30+00:00\",\"dateModified\":\"2020-11-27T13:45:52+00:00\",\"breadcrumb\":{\"@id\":\"https:\/\/www.ipr-real.cz\/je-nutne-mit-pri-prodeji-nebo-pronajmu-nemovitosti-prukaz-energeticke-narocnosti-budovy-penb\/#breadcrumb\"},\"inLanguage\":\"en-GB\",\"potentialAction\":[{\"@type\":\"ReadAction\",\"target\":[\"https:\/\/www.ipr-real.cz\/je-nutne-mit-pri-prodeji-nebo-pronajmu-nemovitosti-prukaz-energeticke-narocnosti-budovy-penb\/\"]}]},{\"@type\":\"ImageObject\",\"inLanguage\":\"en-GB\",\"@id\":\"https:\/\/www.ipr-real.cz\/je-nutne-mit-pri-prodeji-nebo-pronajmu-nemovitosti-prukaz-energeticke-narocnosti-budovy-penb\/#primaryimage\",\"url\":\"https:\/\/www.ipr-real.cz\/wp-content\/uploads\/2020\/06\/slider-blog03.jpg\",\"contentUrl\":\"https:\/\/www.ipr-real.cz\/wp-content\/uploads\/2020\/06\/slider-blog03.jpg\"},{\"@type\":\"BreadcrumbList\",\"@id\":\"https:\/\/www.ipr-real.cz\/je-nutne-mit-pri-prodeji-nebo-pronajmu-nemovitosti-prukaz-energeticke-narocnosti-budovy-penb\/#breadcrumb\",\"itemListElement\":[{\"@type\":\"ListItem\",\"position\":1,\"name\":\"Dom\u016f\",\"item\":\"https:\/\/www.ipr-real.cz\/\"},{\"@type\":\"ListItem\",\"position\":2,\"name\":\"Je nutn\u00e9 m\u00edt p\u0159i prodeji nebo pron\u00e1jmu nemovitosti pr\u016fkaz energetick\u00e9 n\u00e1ro\u010dnosti budovy (PENB)?\"}]},{\"@type\":\"WebSite\",\"@id\":\"https:\/\/www.ipr-real.cz\/#website\",\"url\":\"https:\/\/www.ipr-real.cz\/\",\"name\":\"Realitn\u00ed kancel\u00e1\u0159 I.P.R. Real Estate v Praze\",\"description\":\"\",\"publisher\":{\"@id\":\"https:\/\/www.ipr-real.cz\/#organization\"},\"alternateName\":\"I.P.R. Real Estate\",\"potentialAction\":[{\"@type\":\"SearchAction\",\"target\":{\"@type\":\"EntryPoint\",\"urlTemplate\":\"https:\/\/www.ipr-real.cz\/?s={search_term_string}\"},\"query-input\":{\"@type\":\"PropertyValueSpecification\",\"valueRequired\":true,\"valueName\":\"search_term_string\"}}],\"inLanguage\":\"en-GB\"},{\"@type\":\"Organization\",\"@id\":\"https:\/\/www.ipr-real.cz\/#organization\",\"name\":\"I.P.R. Real Estate s.r.o.\",\"url\":\"https:\/\/www.ipr-real.cz\/\",\"logo\":{\"@type\":\"ImageObject\",\"inLanguage\":\"en-GB\",\"@id\":\"https:\/\/www.ipr-real.cz\/#\/schema\/logo\/image\/\",\"url\":\"https:\/\/www.ipr-real.cz\/wp-content\/uploads\/2020\/06\/logo-ipr-real-scaled.png\",\"contentUrl\":\"https:\/\/www.ipr-real.cz\/wp-content\/uploads\/2020\/06\/logo-ipr-real-scaled.png\",\"width\":2560,\"height\":699,\"caption\":\"I.P.R. Real Estate s.r.o.\"},\"image\":{\"@id\":\"https:\/\/www.ipr-real.cz\/#\/schema\/logo\/image\/\"},\"sameAs\":[\"https:\/\/www.facebook.com\/ipr.real\/\",\"https:\/\/www.instagram.com\/ipr.real.estate\/\",\"https:\/\/www.linkedin.com\/company\/ipr-real\",\"https:\/\/www.youtube.com\/channel\/UCuNvxpimxCSN7CSj0-qAP7Q\"]},{\"@type\":\"Person\",\"@id\":\"https:\/\/www.ipr-real.cz\/#\/schema\/person\/1a0822d646675d0696da3227d3873127\",\"name\":\"admin\",\"image\":{\"@type\":\"ImageObject\",\"inLanguage\":\"en-GB\",\"@id\":\"https:\/\/www.ipr-real.cz\/#\/schema\/person\/image\/\",\"url\":\"https:\/\/secure.gravatar.com\/avatar\/8675be783e092832ae144c1845342db85c2cfa06b44a211dec0d47917a896c18?s=96&d=mm&r=g\",\"contentUrl\":\"https:\/\/secure.gravatar.com\/avatar\/8675be783e092832ae144c1845342db85c2cfa06b44a211dec0d47917a896c18?s=96&d=mm&r=g\",\"caption\":\"admin\"},\"sameAs\":[\"https:\/\/www.hajnikdesign.cz\"],\"url\":\"https:\/\/www.ipr-real.cz\/en\/author\/admin\/\"}]}<\/script>\n<!-- \/ Yoast SEO plugin. -->","yoast_head_json":{"title":"Je nutn\u00e9 m\u00edt p\u0159i prodeji nebo pron\u00e1jmu nemovitosti pr\u016fkaz energetick\u00e9 n\u00e1ro\u010dnosti budovy (PENB)? | I.P.R. Real Estate nemovitosti Praha","robots":{"index":"index","follow":"follow","max-snippet":"max-snippet:-1","max-image-preview":"max-image-preview:large","max-video-preview":"max-video-preview:-1"},"canonical":"https:\/\/www.ipr-real.cz\/en\/je-nutne-mit-pri-prodeji-nebo-pronajmu-nemovitosti-prukaz-energeticke-narocnosti-budovy-penb\/","og_locale":"en_GB","og_type":"article","og_title":"Je nutn\u00e9 m\u00edt p\u0159i prodeji nebo pron\u00e1jmu nemovitosti pr\u016fkaz energetick\u00e9 n\u00e1ro\u010dnosti budovy (PENB)? | I.P.R. Real Estate nemovitosti Praha","og_description":"K ot\u00e1zce se n\u00e1m vyj\u00e1d\u0159il specialista, pan Dalibor Andrejs ze spole\u010dnosti ANDAMI, kter\u00e1 se dan\u00fdm pr\u016fkaz\u016fm v\u011bnuje.","og_url":"https:\/\/www.ipr-real.cz\/en\/je-nutne-mit-pri-prodeji-nebo-pronajmu-nemovitosti-prukaz-energeticke-narocnosti-budovy-penb\/","article_publisher":"https:\/\/www.facebook.com\/ipr.real\/","article_published_time":"2020-05-21T12:54:30+00:00","article_modified_time":"2020-11-27T13:45:52+00:00","og_image":[{"url":"https:\/\/www.ipr-real.cz\/wp-content\/uploads\/2020\/06\/slider-blog03.jpg","type":"","width":"","height":""}],"author":"admin","twitter_card":"summary_large_image","twitter_misc":{"Written by":"admin","Estimated reading time":"1 minute"},"schema":{"@context":"https:\/\/schema.org","@graph":[{"@type":"Article","@id":"https:\/\/www.ipr-real.cz\/je-nutne-mit-pri-prodeji-nebo-pronajmu-nemovitosti-prukaz-energeticke-narocnosti-budovy-penb\/#article","isPartOf":{"@id":"https:\/\/www.ipr-real.cz\/je-nutne-mit-pri-prodeji-nebo-pronajmu-nemovitosti-prukaz-energeticke-narocnosti-budovy-penb\/"},"author":{"name":"admin","@id":"https:\/\/www.ipr-real.cz\/#\/schema\/person\/1a0822d646675d0696da3227d3873127"},"headline":"Je nutn\u00e9 m\u00edt p\u0159i prodeji nebo pron\u00e1jmu nemovitosti pr\u016fkaz energetick\u00e9 n\u00e1ro\u010dnosti budovy (PENB)?","datePublished":"2020-05-21T12:54:30+00:00","dateModified":"2020-11-27T13:45:52+00:00","mainEntityOfPage":{"@id":"https:\/\/www.ipr-real.cz\/je-nutne-mit-pri-prodeji-nebo-pronajmu-nemovitosti-prukaz-energeticke-narocnosti-budovy-penb\/"},"wordCount":261,"publisher":{"@id":"https:\/\/www.ipr-real.cz\/#organization"},"image":{"@id":"https:\/\/www.ipr-real.cz\/je-nutne-mit-pri-prodeji-nebo-pronajmu-nemovitosti-prukaz-energeticke-narocnosti-budovy-penb\/#primaryimage"},"thumbnailUrl":"https:\/\/www.ipr-real.cz\/wp-content\/uploads\/2020\/06\/slider-blog03.jpg","keywords":["blog"],"articleSection":["Blog"],"inLanguage":"en-GB"},{"@type":"WebPage","@id":"https:\/\/www.ipr-real.cz\/je-nutne-mit-pri-prodeji-nebo-pronajmu-nemovitosti-prukaz-energeticke-narocnosti-budovy-penb\/","url":"https:\/\/www.ipr-real.cz\/je-nutne-mit-pri-prodeji-nebo-pronajmu-nemovitosti-prukaz-energeticke-narocnosti-budovy-penb\/","name":"Je nutn\u00e9 m\u00edt p\u0159i prodeji nebo pron\u00e1jmu nemovitosti pr\u016fkaz energetick\u00e9 n\u00e1ro\u010dnosti budovy (PENB)? | I.P.R. Real Estate nemovitosti Praha","isPartOf":{"@id":"https:\/\/www.ipr-real.cz\/#website"},"primaryImageOfPage":{"@id":"https:\/\/www.ipr-real.cz\/je-nutne-mit-pri-prodeji-nebo-pronajmu-nemovitosti-prukaz-energeticke-narocnosti-budovy-penb\/#primaryimage"},"image":{"@id":"https:\/\/www.ipr-real.cz\/je-nutne-mit-pri-prodeji-nebo-pronajmu-nemovitosti-prukaz-energeticke-narocnosti-budovy-penb\/#primaryimage"},"thumbnailUrl":"https:\/\/www.ipr-real.cz\/wp-content\/uploads\/2020\/06\/slider-blog03.jpg","datePublished":"2020-05-21T12:54:30+00:00","dateModified":"2020-11-27T13:45:52+00:00","breadcrumb":{"@id":"https:\/\/www.ipr-real.cz\/je-nutne-mit-pri-prodeji-nebo-pronajmu-nemovitosti-prukaz-energeticke-narocnosti-budovy-penb\/#breadcrumb"},"inLanguage":"en-GB","potentialAction":[{"@type":"ReadAction","target":["https:\/\/www.ipr-real.cz\/je-nutne-mit-pri-prodeji-nebo-pronajmu-nemovitosti-prukaz-energeticke-narocnosti-budovy-penb\/"]}]},{"@type":"ImageObject","inLanguage":"en-GB","@id":"https:\/\/www.ipr-real.cz\/je-nutne-mit-pri-prodeji-nebo-pronajmu-nemovitosti-prukaz-energeticke-narocnosti-budovy-penb\/#primaryimage","url":"https:\/\/www.ipr-real.cz\/wp-content\/uploads\/2020\/06\/slider-blog03.jpg","contentUrl":"https:\/\/www.ipr-real.cz\/wp-content\/uploads\/2020\/06\/slider-blog03.jpg"},{"@type":"BreadcrumbList","@id":"https:\/\/www.ipr-real.cz\/je-nutne-mit-pri-prodeji-nebo-pronajmu-nemovitosti-prukaz-energeticke-narocnosti-budovy-penb\/#breadcrumb","itemListElement":[{"@type":"ListItem","position":1,"name":"Dom\u016f","item":"https:\/\/www.ipr-real.cz\/"},{"@type":"ListItem","position":2,"name":"Je nutn\u00e9 m\u00edt p\u0159i prodeji nebo pron\u00e1jmu nemovitosti pr\u016fkaz energetick\u00e9 n\u00e1ro\u010dnosti budovy (PENB)?"}]},{"@type":"WebSite","@id":"https:\/\/www.ipr-real.cz\/#website","url":"https:\/\/www.ipr-real.cz\/","name":"Realitn\u00ed kancel\u00e1\u0159 I.P.R. Real Estate v Praze","description":"","publisher":{"@id":"https:\/\/www.ipr-real.cz\/#organization"},"alternateName":"I.P.R. Real Estate","potentialAction":[{"@type":"SearchAction","target":{"@type":"EntryPoint","urlTemplate":"https:\/\/www.ipr-real.cz\/?s={search_term_string}"},"query-input":{"@type":"PropertyValueSpecification","valueRequired":true,"valueName":"search_term_string"}}],"inLanguage":"en-GB"},{"@type":"Organization","@id":"https:\/\/www.ipr-real.cz\/#organization","name":"I.P.R. Real Estate s.r.o.","url":"https:\/\/www.ipr-real.cz\/","logo":{"@type":"ImageObject","inLanguage":"en-GB","@id":"https:\/\/www.ipr-real.cz\/#\/schema\/logo\/image\/","url":"https:\/\/www.ipr-real.cz\/wp-content\/uploads\/2020\/06\/logo-ipr-real-scaled.png","contentUrl":"https:\/\/www.ipr-real.cz\/wp-content\/uploads\/2020\/06\/logo-ipr-real-scaled.png","width":2560,"height":699,"caption":"I.P.R. Real Estate s.r.o."},"image":{"@id":"https:\/\/www.ipr-real.cz\/#\/schema\/logo\/image\/"},"sameAs":["https:\/\/www.facebook.com\/ipr.real\/","https:\/\/www.instagram.com\/ipr.real.estate\/","https:\/\/www.linkedin.com\/company\/ipr-real","https:\/\/www.youtube.com\/channel\/UCuNvxpimxCSN7CSj0-qAP7Q"]},{"@type":"Person","@id":"https:\/\/www.ipr-real.cz\/#\/schema\/person\/1a0822d646675d0696da3227d3873127","name":"admin","image":{"@type":"ImageObject","inLanguage":"en-GB","@id":"https:\/\/www.ipr-real.cz\/#\/schema\/person\/image\/","url":"https:\/\/secure.gravatar.com\/avatar\/8675be783e092832ae144c1845342db85c2cfa06b44a211dec0d47917a896c18?s=96&d=mm&r=g","contentUrl":"https:\/\/secure.gravatar.com\/avatar\/8675be783e092832ae144c1845342db85c2cfa06b44a211dec0d47917a896c18?s=96&d=mm&r=g","caption":"admin"},"sameAs":["https:\/\/www.hajnikdesign.cz"],"url":"https:\/\/www.ipr-real.cz\/en\/author\/admin\/"}]}},"_links":{"self":[{"href":"https:\/\/www.ipr-real.cz\/en\/wp-json\/wp\/v2\/posts\/124","targetHints":{"allow":["GET"]}}],"collection":[{"href":"https:\/\/www.ipr-real.cz\/en\/wp-json\/wp\/v2\/posts"}],"about":[{"href":"https:\/\/www.ipr-real.cz\/en\/wp-json\/wp\/v2\/types\/post"}],"author":[{"embeddable":true,"href":"https:\/\/www.ipr-real.cz\/en\/wp-json\/wp\/v2\/users\/1"}],"replies":[{"embeddable":true,"href":"https:\/\/www.ipr-real.cz\/en\/wp-json\/wp\/v2\/comments?post=124"}],"version-history":[{"count":4,"href":"https:\/\/www.ipr-real.cz\/en\/wp-json\/wp\/v2\/posts\/124\/revisions"}],"predecessor-version":[{"id":1247,"href":"https:\/\/www.ipr-real.cz\/en\/wp-json\/wp\/v2\/posts\/124\/revisions\/1247"}],"wp:attachment":[{"href":"https:\/\/www.ipr-real.cz\/en\/wp-json\/wp\/v2\/media?parent=124"}],"wp:term":[{"taxonomy":"category","embeddable":true,"href":"https:\/\/www.ipr-real.cz\/en\/wp-json\/wp\/v2\/categories?post=124"},{"taxonomy":"post_tag","embeddable":true,"href":"https:\/\/www.ipr-real.cz\/en\/wp-json\/wp\/v2\/tags?post=124"}],"curies":[{"name":"wp","href":"https:\/\/api.w.org\/{rel}","templated":true}]}}