{"id":1110,"date":"2020-09-23T12:12:34","date_gmt":"2020-09-23T12:12:34","guid":{"rendered":"http:\/\/ipr-real.cz\/?p=1110"},"modified":"2020-11-27T13:42:37","modified_gmt":"2020-11-27T13:42:37","slug":"dan-z-nabyti-nemovitych-veci-se-rusi","status":"publish","type":"post","link":"https:\/\/www.ipr-real.cz\/en\/dan-z-nabyti-nemovitych-veci-se-rusi\/","title":{"rendered":"Da\u0148 z nabyt\u00ed nemovit\u00fdch v\u011bc\u00ed se ru\u0161\u00ed"},"content":{"rendered":"<figure class=\"wp-block-image alignfull size-full\"><img loading=\"lazy\" decoding=\"async\" width=\"1920\" height=\"300\" src=\"https:\/\/www.ipr-real.cz\/wp-content\/uploads\/2020\/06\/slider-blog03.jpg\" alt=\"Blog IPR\" class=\"wp-image-447\" srcset=\"https:\/\/www.ipr-real.cz\/wp-content\/uploads\/2020\/06\/slider-blog03.jpg 1920w, https:\/\/www.ipr-real.cz\/wp-content\/uploads\/2020\/06\/slider-blog03-300x47.jpg 300w, https:\/\/www.ipr-real.cz\/wp-content\/uploads\/2020\/06\/slider-blog03-1024x160.jpg 1024w, https:\/\/www.ipr-real.cz\/wp-content\/uploads\/2020\/06\/slider-blog03-768x120.jpg 768w, https:\/\/www.ipr-real.cz\/wp-content\/uploads\/2020\/06\/slider-blog03-1536x240.jpg 1536w\" sizes=\"auto, (max-width:767px) 480px, (max-width:1920px) 100vw, 1920px\" \/><\/figure>\n\n\n\n<div class=\"wp-block-group content80\"><div class=\"wp-block-group__inner-container is-layout-flow wp-block-group-is-layout-flow\">\n<div style=\"height:30px\" aria-hidden=\"true\" class=\"wp-block-spacer\"><\/div>\n\n\n\n\n\n<div style=\"height:20px\" aria-hidden=\"true\" class=\"wp-block-spacer\"><\/div>\n\n\n\n<h1 class=\"wp-block-heading\"><strong><em>Zru\u0161en\u00ed dan\u011b z nabyt\u00ed kone\u010dn\u011b potvrzeno<\/em><br><\/strong><\/h1>\n\n\n\n<p><strong>Da\u0148 z nabyt\u00ed nemovit\u00fdch v\u011bc\u00ed<\/strong>, kter\u00e1 od 1.1.2014 nahradila da\u0148 z p\u0159evodu nemovit\u00fdch v\u011bc\u00ed, je upravena z\u00e1konn\u00fdm opat\u0159en\u00edm \u010d. 340\/2013 Sb., kter\u00e9 bylo naposledy novelizov\u00e1no s \u00fa\u010dinnost\u00ed&nbsp;<strong>od 1.11.2019<\/strong>&nbsp;novelou \u010d. 264\/2019 Sb. O zm\u011bn\u011b od 1.11.2019, kter\u00e1 se t\u00fdkala osvobozen\u00ed prv\u00fdch p\u0159evod\u016f byt\u016f v novostavb\u00e1ch rodinn\u00fdch dom\u016f podle \u00a7 7 odst. 1 ,&nbsp; Finan\u010dn\u00ed spr\u00e1va&nbsp;<a href=\"https:\/\/www.financnisprava.cz\/cs\/financni-sprava\/media-a-verejnost\/tiskove-zpravy\/tz-2019\/rozsireni-osvobozeni-od-dane-z-nabyti-nemovitych-veci-10099\" target=\"_blank\" rel=\"noreferrer noopener\"><em>informovala&nbsp;<\/em><\/a>dne 11.10.2019. V dan\u00e9 v\u011bci (tedy pro obdob\u00ed p\u0159ed 1.11.2020) tak\u00e9 rozhodl Nejvy\u0161\u0161\u00ed spr\u00e1vn\u00ed soud &#8211; viz&nbsp;<em><a href=\"https:\/\/www.financnisprava.cz\/cs\/financni-sprava\/media-a-verejnost\/tiskove-zpravy\/tz-2020\/fs-akceptuje-zpresneni-judikatury-nss-ve-veci-prvniho-uplatneho-nabyti-10755\" target=\"_blank\" rel=\"noreferrer noopener\">informace<\/a><\/em>&nbsp;Finan\u010dn\u00ed spr\u00e1vy ze dne 25.6.2020.<br><\/p>\n\n\n\n<p>Poslanci 15.9.2020 definitivn\u011b potvrdili&nbsp;<strong>zru\u0161en\u00ed dan\u011b z nabyt\u00ed nemovit\u00fdch v\u011bc\u00ed<\/strong>, a to&nbsp;<strong>se zp\u011btn\u00fdm pou\u017eit\u00edm pro vklady povolen\u00e9 katastrem nemovitost\u00ed od 1.12.2019<\/strong>. Prezident toto zru\u0161en\u00ed potvrdil 18.9.2020 a nyn\u00ed ji\u017e \u010dek\u00e1 jen na form\u00e1ln\u00ed vyhl\u00e1\u0161en\u00ed ve Sb\u00edrce z\u00e1kon\u016f.<\/p>\n\n\n\n<p>Pokud jde o vlastn\u00ed zru\u0161en\u00ed dan\u011b z nabyt\u00ed, a\u017e do 31.12.2020 plat\u00ed gener\u00e1ln\u00ed pardon pro pod\u00e1v\u00e1n\u00ed p\u0159izn\u00e1n\u00ed k dani z nabyt\u00ed nemovit\u00fdch v\u011bc\u00ed&nbsp; a placen\u00ed t\u00e9to dan\u011b, pokud byl vklad do katastru povolen od 1.12.2019.<br><\/p>\n\n\n\n<p>Sou\u010d\u00e1st\u00ed z\u00e1kona ru\u0161\u00edc\u00edho da\u0148 z nabyt\u00ed nemovit\u00fdch v\u011bc\u00ed jsou tak\u00e9 zm\u011bny z\u00e1kona o dan\u00edch z p\u0159\u00edjm\u016f:<\/p>\n\n\n\n<ul class=\"wp-block-list\"><li>pro nemovitosti nabyt\u00e9 od 1.1.2021&nbsp;<strong>prodlou\u017een\u00ed \u010dasov\u00e9ho testu<\/strong>&nbsp;pro osvobozen\u00ed od dan\u011b z p\u0159\u00edjm\u016f fyzick\u00fdch osob ze sou\u010dasn\u00fdch&nbsp;<strong>5 na 10 let<\/strong><\/li><li>pro&nbsp;<strong>hypot\u00e9ky&nbsp;<\/strong>uzav\u0159en\u00e9 od 1.1.2022 sn\u00ed\u017een\u00ed maxim\u00e1ln\u00edho odpo\u010dtu&nbsp;<strong>z 300 tis. K\u010d na 150 tis. K\u010d<\/strong>&nbsp;(podle p\u016fvodn\u00edho vl\u00e1dn\u00edho n\u00e1vrhu m\u011bl b\u00fdt tento odpo\u010det pro hypot\u00e9ky uzav\u0159en\u00e9 od 1.1.2022 zcela zru\u0161en).<\/li><\/ul>\n\n\n\n<p>Podle p\u0159\u00edslu\u0161n\u00e9ho p\u0159echodn\u00e9ho ustanoven\u00ed v\u0161ak&nbsp;<strong>nebude nutn\u00e9 da\u0148 platit u p\u0159evod\u016f, kdy byl n\u00e1vrh na vklad povolen katastr\u00e1ln\u00edm \u00fa\u0159adem v pr\u016fb\u011bhu prosince 2019 a pozd\u011bji.<\/strong><\/p>\n\n\n\n<p><strong>P\u0159\u00edklad:<\/strong><\/p>\n\n\n\n<p>N\u00e1vrh na vklad p\u0159evodu vlastnick\u00e9ho pr\u00e1va na z\u00e1klad\u011b kupn\u00ed smlouvy byl doru\u010den katastr\u00e1ln\u00edmu \u00fa\u0159adu 11.11.2019. Bude na tento p\u0159evod vzt\u00e1hnout zp\u011btn\u00e9 zru\u0161en\u00ed dan\u011b z nabyt\u00ed, jestli\u017ee katastr\u00e1ln\u00ed \u00fa\u0159ad vklad povolil (rozhodl o povolen\u00ed vkladu):<\/p>\n\n\n\n<p>a)&nbsp; v listopadu 2019, nap\u0159. 29.11.2019 (vklad byl tedy proveden dne 29.11.2019, a to s pr\u00e1vn\u00edmi \u00fa\u010dinky k 11.11.2019)<\/p>\n\n\n\n<p>b) v prosinci 2019, nap\u0159. 2.12.2019 (vklad byl tedy proveden dne 2.12.2019, a to s pr\u00e1vn\u00edmi \u00fa\u010dinky k 11.11.2019)?<\/p>\n\n\n\n<p><em>U varianty a) uplynula lh\u016fta pro pod\u00e1n\u00ed da\u0148ov\u00e9ho p\u0159izn\u00e1n\u00ed 29.2.2020 a zru\u0161en\u00ed dan\u011b nebude mo\u017en\u00e9 zp\u011btn\u011b uplatnit.<\/em><br><\/p>\n\n\n\n<p><em>U varianty b) uplynula lh\u016fta pro pod\u00e1n\u00ed da\u0148ov\u00e9ho p\u0159izn\u00e1n\u00ed 31.3.2020 a da\u0148 bude zp\u011btn\u011b zru\u0161ena. Pokud ji kupuj\u00edc\u00ed dosud neuhradil, tak ji hradit nebude muset. Pokud ji uhradil, bude mu na z\u00e1klad\u011b \u017e\u00e1dosti vr\u00e1cena.&nbsp;&nbsp;<\/em><\/p>\n\n\n\n<p>Zru\u0161en\u00ed dan\u011b z nabyt\u00ed a doprovodn\u00fdm zm\u011bn\u00e1m v dani z p\u0159\u00edjmu fyzick\u00fdch osob (prodlou\u017een\u00ed \u010dasov\u00e9ho testu pro osvobozen\u00ed z 5 na 10 let sn\u00ed\u017een\u00ed limitu maxim\u00e1ln\u00edho odpo\u010dtu hypot\u00e9k)&nbsp;.<\/p>\n\n\n\n<p class=\"has-text-color\" style=\"color:#00007b\"><strong>18.<\/strong>9.2020<\/p>\n\n\n\n<figure class=\"wp-block-gallery columns-0 is-cropped wp-block-gallery-1 is-layout-flex wp-block-gallery-is-layout-flex\"><ul class=\"blocks-gallery-grid\"><\/ul><\/figure>\n\n\n\n<div class=\"wp-block-button aligncenter btn-blue\"><a class=\"wp-block-button__link has-text-color has-background\" href=\"https:\/\/www.ipr-real.cz\/en\/blog\/\" style=\"background-color:#00007b;color:#ffffff;border-radius:4px\">Zp\u011bt na blog<\/a><\/div>\n<\/div><\/div>\n\n\n\n<div style=\"height:40px\" aria-hidden=\"true\" class=\"wp-block-spacer\"><\/div>\n\n\n\n<p><\/p>","protected":false},"excerpt":{"rendered":"<p>Da\u0148 z nabyt\u00ed nemovit\u00fdch v\u011bc\u00ed, kter\u00e1 od 1.1.2014 nahradila da\u0148 z p\u0159evodu nemovit\u00fdch v\u011bc\u00ed, je upravena z\u00e1konn\u00fdm opat\u0159en\u00edm \u010d. 340\/2013 Sb., kter\u00e9 bylo naposledy novelizov\u00e1no s \u00fa\u010dinnost\u00ed od 1.11.2019 novelou \u010d. 264\/2019 Sb. <\/p>","protected":false},"author":2,"featured_media":0,"comment_status":"closed","ping_status":"closed","sticky":false,"template":"","format":"standard","meta":{"inline_featured_image":false,"footnotes":""},"categories":[11],"tags":[6],"class_list":["post-1110","post","type-post","status-publish","format-standard","hentry","category-blog","tag-blog"],"yoast_head":"<!-- This site is optimized with the Yoast SEO plugin v27.0 - https:\/\/yoast.com\/product\/yoast-seo-wordpress\/ -->\n<title>Da\u0148 z nabyt\u00ed nemovit\u00fdch v\u011bc\u00ed se ru\u0161\u00ed | I.P.R. Real Estate nemovitosti Praha<\/title>\n<meta name=\"robots\" content=\"index, follow, max-snippet:-1, max-image-preview:large, max-video-preview:-1\" \/>\n<link rel=\"canonical\" href=\"https:\/\/www.ipr-real.cz\/en\/dan-z-nabyti-nemovitych-veci-se-rusi\/\" \/>\n<meta property=\"og:locale\" content=\"en_GB\" \/>\n<meta property=\"og:type\" content=\"article\" \/>\n<meta property=\"og:title\" content=\"Da\u0148 z nabyt\u00ed nemovit\u00fdch v\u011bc\u00ed se ru\u0161\u00ed | I.P.R. Real Estate nemovitosti Praha\" \/>\n<meta property=\"og:description\" content=\"Da\u0148 z nabyt\u00ed nemovit\u00fdch v\u011bc\u00ed, kter\u00e1 od 1.1.2014 nahradila da\u0148 z p\u0159evodu nemovit\u00fdch v\u011bc\u00ed, je upravena z\u00e1konn\u00fdm opat\u0159en\u00edm \u010d. 340\/2013 Sb., kter\u00e9 bylo naposledy novelizov\u00e1no s \u00fa\u010dinnost\u00ed od 1.11.2019 novelou \u010d. 264\/2019 Sb.\" \/>\n<meta property=\"og:url\" content=\"https:\/\/www.ipr-real.cz\/en\/dan-z-nabyti-nemovitych-veci-se-rusi\/\" \/>\n<meta property=\"article:publisher\" content=\"https:\/\/www.facebook.com\/ipr.real\/\" \/>\n<meta property=\"article:published_time\" content=\"2020-09-23T12:12:34+00:00\" \/>\n<meta property=\"article:modified_time\" content=\"2020-11-27T13:42:37+00:00\" \/>\n<meta property=\"og:image\" content=\"https:\/\/www.ipr-real.cz\/wp-content\/uploads\/2020\/06\/slider-blog03.jpg\" \/>\n<meta name=\"author\" content=\"Kate\u0159ina \u010cern\u00e1\" \/>\n<meta name=\"twitter:card\" content=\"summary_large_image\" \/>\n<meta name=\"twitter:label1\" content=\"Written by\" \/>\n\t<meta name=\"twitter:data1\" content=\"Kate\u0159ina \u010cern\u00e1\" \/>\n\t<meta name=\"twitter:label2\" content=\"Estimated reading time\" \/>\n\t<meta name=\"twitter:data2\" content=\"3 minutes\" \/>\n<script type=\"application\/ld+json\" class=\"yoast-schema-graph\">{\"@context\":\"https:\/\/schema.org\",\"@graph\":[{\"@type\":\"Article\",\"@id\":\"https:\/\/www.ipr-real.cz\/dan-z-nabyti-nemovitych-veci-se-rusi\/#article\",\"isPartOf\":{\"@id\":\"https:\/\/www.ipr-real.cz\/dan-z-nabyti-nemovitych-veci-se-rusi\/\"},\"author\":{\"name\":\"Kate\u0159ina \u010cern\u00e1\",\"@id\":\"https:\/\/www.ipr-real.cz\/#\/schema\/person\/9f375ff5319a34de3ce0de04a70c2a00\"},\"headline\":\"Da\u0148 z nabyt\u00ed nemovit\u00fdch v\u011bc\u00ed se ru\u0161\u00ed\",\"datePublished\":\"2020-09-23T12:12:34+00:00\",\"dateModified\":\"2020-11-27T13:42:37+00:00\",\"mainEntityOfPage\":{\"@id\":\"https:\/\/www.ipr-real.cz\/dan-z-nabyti-nemovitych-veci-se-rusi\/\"},\"wordCount\":540,\"publisher\":{\"@id\":\"https:\/\/www.ipr-real.cz\/#organization\"},\"image\":{\"@id\":\"https:\/\/www.ipr-real.cz\/dan-z-nabyti-nemovitych-veci-se-rusi\/#primaryimage\"},\"thumbnailUrl\":\"https:\/\/www.ipr-real.cz\/wp-content\/uploads\/2020\/06\/slider-blog03.jpg\",\"keywords\":[\"blog\"],\"articleSection\":[\"Blog\"],\"inLanguage\":\"en-GB\"},{\"@type\":\"WebPage\",\"@id\":\"https:\/\/www.ipr-real.cz\/dan-z-nabyti-nemovitych-veci-se-rusi\/\",\"url\":\"https:\/\/www.ipr-real.cz\/dan-z-nabyti-nemovitych-veci-se-rusi\/\",\"name\":\"Da\u0148 z nabyt\u00ed nemovit\u00fdch v\u011bc\u00ed se ru\u0161\u00ed | I.P.R. Real Estate nemovitosti Praha\",\"isPartOf\":{\"@id\":\"https:\/\/www.ipr-real.cz\/#website\"},\"primaryImageOfPage\":{\"@id\":\"https:\/\/www.ipr-real.cz\/dan-z-nabyti-nemovitych-veci-se-rusi\/#primaryimage\"},\"image\":{\"@id\":\"https:\/\/www.ipr-real.cz\/dan-z-nabyti-nemovitych-veci-se-rusi\/#primaryimage\"},\"thumbnailUrl\":\"https:\/\/www.ipr-real.cz\/wp-content\/uploads\/2020\/06\/slider-blog03.jpg\",\"datePublished\":\"2020-09-23T12:12:34+00:00\",\"dateModified\":\"2020-11-27T13:42:37+00:00\",\"breadcrumb\":{\"@id\":\"https:\/\/www.ipr-real.cz\/dan-z-nabyti-nemovitych-veci-se-rusi\/#breadcrumb\"},\"inLanguage\":\"en-GB\",\"potentialAction\":[{\"@type\":\"ReadAction\",\"target\":[\"https:\/\/www.ipr-real.cz\/dan-z-nabyti-nemovitych-veci-se-rusi\/\"]}]},{\"@type\":\"ImageObject\",\"inLanguage\":\"en-GB\",\"@id\":\"https:\/\/www.ipr-real.cz\/dan-z-nabyti-nemovitych-veci-se-rusi\/#primaryimage\",\"url\":\"https:\/\/www.ipr-real.cz\/wp-content\/uploads\/2020\/06\/slider-blog03.jpg\",\"contentUrl\":\"https:\/\/www.ipr-real.cz\/wp-content\/uploads\/2020\/06\/slider-blog03.jpg\"},{\"@type\":\"BreadcrumbList\",\"@id\":\"https:\/\/www.ipr-real.cz\/dan-z-nabyti-nemovitych-veci-se-rusi\/#breadcrumb\",\"itemListElement\":[{\"@type\":\"ListItem\",\"position\":1,\"name\":\"Dom\u016f\",\"item\":\"https:\/\/www.ipr-real.cz\/\"},{\"@type\":\"ListItem\",\"position\":2,\"name\":\"Da\u0148 z nabyt\u00ed nemovit\u00fdch v\u011bc\u00ed se ru\u0161\u00ed\"}]},{\"@type\":\"WebSite\",\"@id\":\"https:\/\/www.ipr-real.cz\/#website\",\"url\":\"https:\/\/www.ipr-real.cz\/\",\"name\":\"Realitn\u00ed kancel\u00e1\u0159 I.P.R. Real Estate v Praze\",\"description\":\"\",\"publisher\":{\"@id\":\"https:\/\/www.ipr-real.cz\/#organization\"},\"alternateName\":\"I.P.R. Real Estate\",\"potentialAction\":[{\"@type\":\"SearchAction\",\"target\":{\"@type\":\"EntryPoint\",\"urlTemplate\":\"https:\/\/www.ipr-real.cz\/?s={search_term_string}\"},\"query-input\":{\"@type\":\"PropertyValueSpecification\",\"valueRequired\":true,\"valueName\":\"search_term_string\"}}],\"inLanguage\":\"en-GB\"},{\"@type\":\"Organization\",\"@id\":\"https:\/\/www.ipr-real.cz\/#organization\",\"name\":\"I.P.R. Real Estate s.r.o.\",\"url\":\"https:\/\/www.ipr-real.cz\/\",\"logo\":{\"@type\":\"ImageObject\",\"inLanguage\":\"en-GB\",\"@id\":\"https:\/\/www.ipr-real.cz\/#\/schema\/logo\/image\/\",\"url\":\"https:\/\/www.ipr-real.cz\/wp-content\/uploads\/2020\/06\/logo-ipr-real-scaled.png\",\"contentUrl\":\"https:\/\/www.ipr-real.cz\/wp-content\/uploads\/2020\/06\/logo-ipr-real-scaled.png\",\"width\":2560,\"height\":699,\"caption\":\"I.P.R. Real Estate s.r.o.\"},\"image\":{\"@id\":\"https:\/\/www.ipr-real.cz\/#\/schema\/logo\/image\/\"},\"sameAs\":[\"https:\/\/www.facebook.com\/ipr.real\/\",\"https:\/\/www.instagram.com\/ipr.real.estate\/\",\"https:\/\/www.linkedin.com\/company\/ipr-real\",\"https:\/\/www.youtube.com\/channel\/UCuNvxpimxCSN7CSj0-qAP7Q\"]},{\"@type\":\"Person\",\"@id\":\"https:\/\/www.ipr-real.cz\/#\/schema\/person\/9f375ff5319a34de3ce0de04a70c2a00\",\"name\":\"Kate\u0159ina \u010cern\u00e1\",\"image\":{\"@type\":\"ImageObject\",\"inLanguage\":\"en-GB\",\"@id\":\"https:\/\/www.ipr-real.cz\/#\/schema\/person\/image\/\",\"url\":\"https:\/\/secure.gravatar.com\/avatar\/3d563bbe10ee96b9e2a4f16993fb012d0a329007fad79f518c09bf74349e9d96?s=96&d=mm&r=g\",\"contentUrl\":\"https:\/\/secure.gravatar.com\/avatar\/3d563bbe10ee96b9e2a4f16993fb012d0a329007fad79f518c09bf74349e9d96?s=96&d=mm&r=g\",\"caption\":\"Kate\u0159ina \u010cern\u00e1\"},\"url\":\"https:\/\/www.ipr-real.cz\/en\/author\/cerna\/\"}]}<\/script>\n<!-- \/ Yoast SEO plugin. -->","yoast_head_json":{"title":"Da\u0148 z nabyt\u00ed nemovit\u00fdch v\u011bc\u00ed se ru\u0161\u00ed | I.P.R. Real Estate nemovitosti Praha","robots":{"index":"index","follow":"follow","max-snippet":"max-snippet:-1","max-image-preview":"max-image-preview:large","max-video-preview":"max-video-preview:-1"},"canonical":"https:\/\/www.ipr-real.cz\/en\/dan-z-nabyti-nemovitych-veci-se-rusi\/","og_locale":"en_GB","og_type":"article","og_title":"Da\u0148 z nabyt\u00ed nemovit\u00fdch v\u011bc\u00ed se ru\u0161\u00ed | I.P.R. Real Estate nemovitosti Praha","og_description":"Da\u0148 z nabyt\u00ed nemovit\u00fdch v\u011bc\u00ed, kter\u00e1 od 1.1.2014 nahradila da\u0148 z p\u0159evodu nemovit\u00fdch v\u011bc\u00ed, je upravena z\u00e1konn\u00fdm opat\u0159en\u00edm \u010d. 340\/2013 Sb., kter\u00e9 bylo naposledy novelizov\u00e1no s \u00fa\u010dinnost\u00ed od 1.11.2019 novelou \u010d. 264\/2019 Sb.","og_url":"https:\/\/www.ipr-real.cz\/en\/dan-z-nabyti-nemovitych-veci-se-rusi\/","article_publisher":"https:\/\/www.facebook.com\/ipr.real\/","article_published_time":"2020-09-23T12:12:34+00:00","article_modified_time":"2020-11-27T13:42:37+00:00","og_image":[{"url":"https:\/\/www.ipr-real.cz\/wp-content\/uploads\/2020\/06\/slider-blog03.jpg","type":"","width":"","height":""}],"author":"Kate\u0159ina \u010cern\u00e1","twitter_card":"summary_large_image","twitter_misc":{"Written by":"Kate\u0159ina \u010cern\u00e1","Estimated reading time":"3 minutes"},"schema":{"@context":"https:\/\/schema.org","@graph":[{"@type":"Article","@id":"https:\/\/www.ipr-real.cz\/dan-z-nabyti-nemovitych-veci-se-rusi\/#article","isPartOf":{"@id":"https:\/\/www.ipr-real.cz\/dan-z-nabyti-nemovitych-veci-se-rusi\/"},"author":{"name":"Kate\u0159ina \u010cern\u00e1","@id":"https:\/\/www.ipr-real.cz\/#\/schema\/person\/9f375ff5319a34de3ce0de04a70c2a00"},"headline":"Da\u0148 z nabyt\u00ed nemovit\u00fdch v\u011bc\u00ed se ru\u0161\u00ed","datePublished":"2020-09-23T12:12:34+00:00","dateModified":"2020-11-27T13:42:37+00:00","mainEntityOfPage":{"@id":"https:\/\/www.ipr-real.cz\/dan-z-nabyti-nemovitych-veci-se-rusi\/"},"wordCount":540,"publisher":{"@id":"https:\/\/www.ipr-real.cz\/#organization"},"image":{"@id":"https:\/\/www.ipr-real.cz\/dan-z-nabyti-nemovitych-veci-se-rusi\/#primaryimage"},"thumbnailUrl":"https:\/\/www.ipr-real.cz\/wp-content\/uploads\/2020\/06\/slider-blog03.jpg","keywords":["blog"],"articleSection":["Blog"],"inLanguage":"en-GB"},{"@type":"WebPage","@id":"https:\/\/www.ipr-real.cz\/dan-z-nabyti-nemovitych-veci-se-rusi\/","url":"https:\/\/www.ipr-real.cz\/dan-z-nabyti-nemovitych-veci-se-rusi\/","name":"Da\u0148 z nabyt\u00ed nemovit\u00fdch v\u011bc\u00ed se ru\u0161\u00ed | I.P.R. Real Estate nemovitosti Praha","isPartOf":{"@id":"https:\/\/www.ipr-real.cz\/#website"},"primaryImageOfPage":{"@id":"https:\/\/www.ipr-real.cz\/dan-z-nabyti-nemovitych-veci-se-rusi\/#primaryimage"},"image":{"@id":"https:\/\/www.ipr-real.cz\/dan-z-nabyti-nemovitych-veci-se-rusi\/#primaryimage"},"thumbnailUrl":"https:\/\/www.ipr-real.cz\/wp-content\/uploads\/2020\/06\/slider-blog03.jpg","datePublished":"2020-09-23T12:12:34+00:00","dateModified":"2020-11-27T13:42:37+00:00","breadcrumb":{"@id":"https:\/\/www.ipr-real.cz\/dan-z-nabyti-nemovitych-veci-se-rusi\/#breadcrumb"},"inLanguage":"en-GB","potentialAction":[{"@type":"ReadAction","target":["https:\/\/www.ipr-real.cz\/dan-z-nabyti-nemovitych-veci-se-rusi\/"]}]},{"@type":"ImageObject","inLanguage":"en-GB","@id":"https:\/\/www.ipr-real.cz\/dan-z-nabyti-nemovitych-veci-se-rusi\/#primaryimage","url":"https:\/\/www.ipr-real.cz\/wp-content\/uploads\/2020\/06\/slider-blog03.jpg","contentUrl":"https:\/\/www.ipr-real.cz\/wp-content\/uploads\/2020\/06\/slider-blog03.jpg"},{"@type":"BreadcrumbList","@id":"https:\/\/www.ipr-real.cz\/dan-z-nabyti-nemovitych-veci-se-rusi\/#breadcrumb","itemListElement":[{"@type":"ListItem","position":1,"name":"Dom\u016f","item":"https:\/\/www.ipr-real.cz\/"},{"@type":"ListItem","position":2,"name":"Da\u0148 z nabyt\u00ed nemovit\u00fdch v\u011bc\u00ed se ru\u0161\u00ed"}]},{"@type":"WebSite","@id":"https:\/\/www.ipr-real.cz\/#website","url":"https:\/\/www.ipr-real.cz\/","name":"Realitn\u00ed kancel\u00e1\u0159 I.P.R. Real Estate v Praze","description":"","publisher":{"@id":"https:\/\/www.ipr-real.cz\/#organization"},"alternateName":"I.P.R. Real Estate","potentialAction":[{"@type":"SearchAction","target":{"@type":"EntryPoint","urlTemplate":"https:\/\/www.ipr-real.cz\/?s={search_term_string}"},"query-input":{"@type":"PropertyValueSpecification","valueRequired":true,"valueName":"search_term_string"}}],"inLanguage":"en-GB"},{"@type":"Organization","@id":"https:\/\/www.ipr-real.cz\/#organization","name":"I.P.R. Real Estate s.r.o.","url":"https:\/\/www.ipr-real.cz\/","logo":{"@type":"ImageObject","inLanguage":"en-GB","@id":"https:\/\/www.ipr-real.cz\/#\/schema\/logo\/image\/","url":"https:\/\/www.ipr-real.cz\/wp-content\/uploads\/2020\/06\/logo-ipr-real-scaled.png","contentUrl":"https:\/\/www.ipr-real.cz\/wp-content\/uploads\/2020\/06\/logo-ipr-real-scaled.png","width":2560,"height":699,"caption":"I.P.R. Real Estate s.r.o."},"image":{"@id":"https:\/\/www.ipr-real.cz\/#\/schema\/logo\/image\/"},"sameAs":["https:\/\/www.facebook.com\/ipr.real\/","https:\/\/www.instagram.com\/ipr.real.estate\/","https:\/\/www.linkedin.com\/company\/ipr-real","https:\/\/www.youtube.com\/channel\/UCuNvxpimxCSN7CSj0-qAP7Q"]},{"@type":"Person","@id":"https:\/\/www.ipr-real.cz\/#\/schema\/person\/9f375ff5319a34de3ce0de04a70c2a00","name":"Kate\u0159ina \u010cern\u00e1","image":{"@type":"ImageObject","inLanguage":"en-GB","@id":"https:\/\/www.ipr-real.cz\/#\/schema\/person\/image\/","url":"https:\/\/secure.gravatar.com\/avatar\/3d563bbe10ee96b9e2a4f16993fb012d0a329007fad79f518c09bf74349e9d96?s=96&d=mm&r=g","contentUrl":"https:\/\/secure.gravatar.com\/avatar\/3d563bbe10ee96b9e2a4f16993fb012d0a329007fad79f518c09bf74349e9d96?s=96&d=mm&r=g","caption":"Kate\u0159ina \u010cern\u00e1"},"url":"https:\/\/www.ipr-real.cz\/en\/author\/cerna\/"}]}},"_links":{"self":[{"href":"https:\/\/www.ipr-real.cz\/en\/wp-json\/wp\/v2\/posts\/1110","targetHints":{"allow":["GET"]}}],"collection":[{"href":"https:\/\/www.ipr-real.cz\/en\/wp-json\/wp\/v2\/posts"}],"about":[{"href":"https:\/\/www.ipr-real.cz\/en\/wp-json\/wp\/v2\/types\/post"}],"author":[{"embeddable":true,"href":"https:\/\/www.ipr-real.cz\/en\/wp-json\/wp\/v2\/users\/2"}],"replies":[{"embeddable":true,"href":"https:\/\/www.ipr-real.cz\/en\/wp-json\/wp\/v2\/comments?post=1110"}],"version-history":[{"count":3,"href":"https:\/\/www.ipr-real.cz\/en\/wp-json\/wp\/v2\/posts\/1110\/revisions"}],"predecessor-version":[{"id":1242,"href":"https:\/\/www.ipr-real.cz\/en\/wp-json\/wp\/v2\/posts\/1110\/revisions\/1242"}],"wp:attachment":[{"href":"https:\/\/www.ipr-real.cz\/en\/wp-json\/wp\/v2\/media?parent=1110"}],"wp:term":[{"taxonomy":"category","embeddable":true,"href":"https:\/\/www.ipr-real.cz\/en\/wp-json\/wp\/v2\/categories?post=1110"},{"taxonomy":"post_tag","embeddable":true,"href":"https:\/\/www.ipr-real.cz\/en\/wp-json\/wp\/v2\/tags?post=1110"}],"curies":[{"name":"wp","href":"https:\/\/api.w.org\/{rel}","templated":true}]}}